{"id":455785,"date":"2025-10-11T19:58:12","date_gmt":"2025-10-11T19:58:12","guid":{"rendered":"https:\/\/www.europesays.com\/fr\/455785\/"},"modified":"2025-10-11T19:58:12","modified_gmt":"2025-10-11T19:58:12","slug":"le-xiaomi-14-t-pro-est-a-prix-imbattable-sur-cdiscount","status":"publish","type":"post","link":"https:\/\/www.europesays.com\/fr\/455785\/","title":{"rendered":"Le Xiaomi 14 T Pro est \u00e0 prix imbattable sur Cdiscount"},"content":{"rendered":"<p>Le Xiaomi 14T Pro se dote d\u2019un processeur MediaTek Dimensity 9300 +. Cette puce optimise la consommation \u00e9nerg\u00e9tique, mais fait surtout tourner toutes vos applications pr\u00e9f\u00e9r\u00e9es. Ce t\u00e9l\u00e9phone a notamment \u00e9t\u00e9 taill\u00e9 pour le gaming. Le syst\u00e8me de refroidissement int\u00e9gr\u00e9 garantit qu\u2019il n\u2019y ait aucune surchauffe pour que les performances restent stables en jeu. L\u2019exp\u00e9rience multim\u00e9dia est assur\u00e9e par l\u2019\u00e9cran AMOLED rafra\u00eechi jusqu\u2019\u00e0 144 Hz. La navigation est donc confortable et le d\u00e9filement des images est fluide. D\u2019autres technologies vous attendent pour renforcer l\u2019immersion dans votre contenu, comme le Dolby Vision et le HDR10. Pour la s\u00e9curit\u00e9, ce mod\u00e8le se dote d\u2019un lecteur d\u2019empreintes, mais aussi d\u2019une reconnaissance faciale par IA. <a href=\"https:\/\/tidd.ly\/4mpblI8\" rel=\"nofollow noopener\" target=\"_blank\" class=\"c-link c-link--is-underlined\">Le Xiaomi 14T Pro est au prix de 477,58 euros<\/a> chez <a href=\"https:\/\/www.20minutes.fr\/guide-achat\/guide-achat-bon-plan-cdiscount\/\" target=\"_blank\" class=\"c-link c-link--is-underlined\" rel=\"noopener\">Cdiscount<\/a>.<\/p>\n<p>Les fonctions IA du Xiaomi 14T Pro vous attendent<\/p>\n<p>Le Xiaomi 14T Pro se d\u00e9marque au niveau de la photographie gr\u00e2ce \u00e0 son appareil photo con\u00e7u par Leica. Il s\u2019agit de l\u2019un des sp\u00e9cialistes dans le domaine qui partage son savoir-faire avec le constructeur. Le smartphone profite de fonctionnalit\u00e9s IA qui am\u00e9liorent le rendu des photographies pour des r\u00e9sultats toujours parfaits et d\u00e9taill\u00e9s, des contrastes profonds et des couleurs fid\u00e8les \u00e0 la r\u00e9alit\u00e9. On trouve les technologies Xiaomi ProFocus et Xiaomi ProCut. Il est m\u00eame possible de filmer des vid\u00e9os jusqu\u2019en 8K avec la promesse de vid\u00e9os de qualit\u00e9 cin\u00e9matographique. La cam\u00e9ra selfie situ\u00e9e dans un petit trou en haut de l\u2019\u00e9cran garantit des portraits \u00e0 couper le souffle. Pour l\u2019autonomie, on trouve une charge rapide de 120 W qui permet de r\u00e9cup\u00e9rer totalement la batterie en 45 minutes seulement. On a aussi la charge sans fil de 50 W. Des fonctionnalit\u00e9s IA de Xiaomi vous attendent comme AI Interpreter, AI Notes, AI Recorder, AI Subtitles, AI Film, AI Image Editing ou encore AI Portrait. Sans oublier les outils de Google comme Entourer pour chercher ou Gemini.<\/p>\n<p><a href=\"https:\/\/tidd.ly\/4mpblI8\" rel=\"nofollow noopener\" target=\"_blank\" class=\"c-link c-btn c-btn--primary\">Cliquez ici pour profiter de l\u2019offre Cdiscount sur le Xiaomi 14T Pro<\/a><\/p>\n<p>Ce qu\u2019il faut retenir sur le Xiaomi 14T Pro\u00a0:<\/p>\n<p>Le Xiaomi 14T Pro vous promet une exp\u00e9rience haut de gamme avec son \u00e9norme \u00e9cran AMOLED, son appareil photo de qualit\u00e9 professionnelle et ses fonctionnalit\u00e9s IA. Profitez de ce t\u00e9l\u00e9phone \u00e0 l\u2019autonomie longue dur\u00e9e.<\/p>\n<p>20 Minutes Guide d&rsquo;Achat est aussi sur les r\u00e9seaux sociaux ! Suivez-nous sur <a href=\"https:\/\/www.instagram.com\/20minutes.guideachat\" target=\"_blank\" class=\"c-link c-link--is-underlined\" rel=\"noopener\">Instagram<\/a> et <a href=\"https:\/\/www.tiktok.com\/@20minutes.guideachat\" target=\"_blank\" class=\"c-link c-link--is-underlined\" rel=\"noopener\">TikTok<\/a> pour ne rien manquer de nos conseils et s\u00e9lections.<\/p>\n<p><script async src=\"\/\/www.instagram.com\/embed.js\"><\/script><script async src=\"\/\/www.tiktok.com\/embed.js\"><\/script><\/p>\n","protected":false},"excerpt":{"rendered":"Le Xiaomi 14T Pro se dote d\u2019un processeur MediaTek Dimensity 9300 +. Cette puce optimise la consommation \u00e9nerg\u00e9tique,&hellip;\n","protected":false},"author":2,"featured_media":455786,"comment_status":"","ping_status":"","sticky":false,"template":"","format":"standard","meta":{"footnotes":""},"categories":[7],"tags":[677,1045,1011,27,676,43,40,41,39,42,44],"class_list":{"0":"post-455785","1":"post","2":"type-post","3":"status-publish","4":"format-standard","5":"has-post-thumbnail","7":"category-sciences-et-technologies","8":"tag-bons-plans","9":"tag-bons-plans-cdiscount","10":"tag-fr","11":"tag-france","12":"tag-guide-dachat","13":"tag-science","14":"tag-science-and-technology","15":"tag-sciences","16":"tag-sciences-et-technologies","17":"tag-technologies","18":"tag-technology"},"share_on_mastodon":{"url":"https:\/\/pubeurope.com\/@fr\/115357306373428226","error":""},"_links":{"self":[{"href":"https:\/\/www.europesays.com\/fr\/wp-json\/wp\/v2\/posts\/455785","targetHints":{"allow":["GET"]}}],"collection":[{"href":"https:\/\/www.europesays.com\/fr\/wp-json\/wp\/v2\/posts"}],"about":[{"href":"https:\/\/www.europesays.com\/fr\/wp-json\/wp\/v2\/types\/post"}],"author":[{"embeddable":true,"href":"https:\/\/www.europesays.com\/fr\/wp-json\/wp\/v2\/users\/2"}],"replies":[{"embeddable":true,"href":"https:\/\/www.europesays.com\/fr\/wp-json\/wp\/v2\/comments?post=455785"}],"version-history":[{"count":0,"href":"https:\/\/www.europesays.com\/fr\/wp-json\/wp\/v2\/posts\/455785\/revisions"}],"wp:featuredmedia":[{"embeddable":true,"href":"https:\/\/www.europesays.com\/fr\/wp-json\/wp\/v2\/media\/455786"}],"wp:attachment":[{"href":"https:\/\/www.europesays.com\/fr\/wp-json\/wp\/v2\/media?parent=455785"}],"wp:term":[{"taxonomy":"category","embeddable":true,"href":"https:\/\/www.europesays.com\/fr\/wp-json\/wp\/v2\/categories?post=455785"},{"taxonomy":"post_tag","embeddable":true,"href":"https:\/\/www.europesays.com\/fr\/wp-json\/wp\/v2\/tags?post=455785"}],"curies":[{"name":"wp","href":"https:\/\/api.w.org\/{rel}","templated":true}]}}