{"id":455788,"date":"2025-10-11T20:00:16","date_gmt":"2025-10-11T20:00:16","guid":{"rendered":"https:\/\/www.europesays.com\/fr\/455788\/"},"modified":"2025-10-11T20:00:16","modified_gmt":"2025-10-11T20:00:16","slug":"de-l-espionnage-qui-a-voulu-connaitre-la-victoire-de-maria-corina-machado-a-lavance","status":"publish","type":"post","link":"https:\/\/www.europesays.com\/fr\/455788\/","title":{"rendered":"De l&rsquo;\u00ab\u00a0espionnage\u00a0\u00bb\u2026. Qui a voulu conna\u00eetre la victoire de Maria Corina Machado \u00e0 l\u2019avance\u00a0?"},"content":{"rendered":"<p>Qui a trich\u00e9 pour conna\u00eetre en avance le <a href=\"https:\/\/www.20minutes.fr\/dossier\/prix_nobel_de_la_paix\" class=\"c-link c-link--is-underlined\" rel=\"nofollow noopener\" target=\"_blank\">prix Nobel de la paix<\/a> 2025\u00a0? Une fuite ayant pr\u00e9c\u00e9d\u00e9 l\u2019annonce, qui a consacr\u00e9 la cheffe de l\u2019opposition v\u00e9n\u00e9zu\u00e9lienne <a href=\"https:\/\/www.20minutes.fr\/monde\/4178466-20251010-prix-nobel-paix-2025-opposition-pacifique-clandestinite-trois-choses-savoir-maria-corina-machado\" class=\"c-link c-link--is-underlined\" rel=\"nofollow noopener\" target=\"_blank\">Maria Corina Machado<\/a>, pourrait \u00ab\u00a0tr\u00e8s probablement\u00a0\u00bb \u00eatre li\u00e9e \u00e0 de l\u2019espionnage, a indiqu\u00e9 ce samedi l\u2019Institut Nobel.<\/p>\n<\/p>\n<p>Les chances que Machado remporte le prix ont en effet bondi de 3,75\u00a0% \u00e0 pr\u00e8s de 73\u00a0% en quelques heures dans la nuit de jeudi \u00e0 vendredi sur la plateforme de paris pr\u00e9dictifs Polymarket. Or, aucun expert ni m\u00e9dia ne l\u2019avait mentionn\u00e9e parmi les favorites.<\/p>\n<p>\u00ab\u00a0Cela dure depuis des d\u00e9cennies\u00a0\u00bb<\/p>\n<p>\u00ab\u00a0Ce n\u2019est un secret pour personne que l\u2019Institut est victime d\u2019<a href=\"https:\/\/www.20minutes.fr\/dossier\/espionnage\" class=\"c-link c-link--is-underlined\" rel=\"nofollow noopener\" target=\"_blank\">espionnage<\/a>\u00a0\u00bb, a affirm\u00e9 le directeur de l\u2019Institut <a href=\"https:\/\/www.20minutes.fr\/dossier\/nobel\" class=\"c-link c-link--is-underlined\" rel=\"nofollow noopener\" target=\"_blank\">Nobel<\/a>, Kristian Berg Harpviken, \u00e0 la cha\u00eene norv\u00e9gienne TV2. Ah bon\u00a0? \u00ab\u00a0Cela dure depuis des d\u00e9cennies\u00a0\u00bb, a-t-il en fait avou\u00e9. \u00ab\u00a0Il est \u00e9vident que l\u2019institution int\u00e9resse des acteurs d\u00e9sireux d\u2019obtenir des informations, qu\u2019il s\u2019agisse d\u2019\u00c9tats ou d\u2019autres organisations [\u2026] Les motivations peuvent \u00eatre \u00e0 la fois politiques et \u00e9conomiques\u00a0\u00bb.<\/p>\n<p>L\u2019institut va donc mener une enqu\u00eate sachant qu\u2019un nombre extr\u00eamement limit\u00e9 de personnes connaissent \u00e0 l\u2019avance le nom du laur\u00e9at choisi par les cinq membres du Comit\u00e9 Nobel. Par le pass\u00e9, des noms inattendus de pr\u00e9tendants ont \u00e9merg\u00e9 dans les m\u00e9dias norv\u00e9giens, alimentant les sp\u00e9culations sur d\u2019\u00e9ventuelles fuites. Mais cela n\u2019a pas \u00e9t\u00e9 le cas ces derni\u00e8res ann\u00e9es.<\/p>\n","protected":false},"excerpt":{"rendered":"Qui a trich\u00e9 pour conna\u00eetre en avance le prix Nobel de la paix 2025\u00a0? Une fuite ayant pr\u00e9c\u00e9d\u00e9&hellip;\n","protected":false},"author":2,"featured_media":455789,"comment_status":"","ping_status":"","sticky":false,"template":"","format":"standard","meta":{"footnotes":""},"categories":[5],"tags":[47,11,4777,1011,27,7066,14,74,12,673,41938,337,28],"class_list":{"0":"post-455788","1":"post","2":"type-post","3":"status-publish","4":"format-standard","5":"has-post-thumbnail","7":"category-international","8":"tag-actualite","9":"tag-actualites","10":"tag-espionnage","11":"tag-fr","12":"tag-france","13":"tag-fuite","14":"tag-international","15":"tag-monde","16":"tag-news","17":"tag-norvege","18":"tag-prix-nobel-de-la-paix","19":"tag-venezuela","20":"tag-world"},"share_on_mastodon":{"url":"https:\/\/pubeurope.com\/@fr\/115357314294771657","error":""},"_links":{"self":[{"href":"https:\/\/www.europesays.com\/fr\/wp-json\/wp\/v2\/posts\/455788","targetHints":{"allow":["GET"]}}],"collection":[{"href":"https:\/\/www.europesays.com\/fr\/wp-json\/wp\/v2\/posts"}],"about":[{"href":"https:\/\/www.europesays.com\/fr\/wp-json\/wp\/v2\/types\/post"}],"author":[{"embeddable":true,"href":"https:\/\/www.europesays.com\/fr\/wp-json\/wp\/v2\/users\/2"}],"replies":[{"embeddable":true,"href":"https:\/\/www.europesays.com\/fr\/wp-json\/wp\/v2\/comments?post=455788"}],"version-history":[{"count":0,"href":"https:\/\/www.europesays.com\/fr\/wp-json\/wp\/v2\/posts\/455788\/revisions"}],"wp:featuredmedia":[{"embeddable":true,"href":"https:\/\/www.europesays.com\/fr\/wp-json\/wp\/v2\/media\/455789"}],"wp:attachment":[{"href":"https:\/\/www.europesays.com\/fr\/wp-json\/wp\/v2\/media?parent=455788"}],"wp:term":[{"taxonomy":"category","embeddable":true,"href":"https:\/\/www.europesays.com\/fr\/wp-json\/wp\/v2\/categories?post=455788"},{"taxonomy":"post_tag","embeddable":true,"href":"https:\/\/www.europesays.com\/fr\/wp-json\/wp\/v2\/tags?post=455788"}],"curies":[{"name":"wp","href":"https:\/\/api.w.org\/{rel}","templated":true}]}}