{"id":455790,"date":"2025-10-11T20:01:14","date_gmt":"2025-10-11T20:01:14","guid":{"rendered":"https:\/\/www.europesays.com\/fr\/455790\/"},"modified":"2025-10-11T20:01:14","modified_gmt":"2025-10-11T20:01:14","slug":"notre-dame-de-paris-passee-au-crible-apres-la-decouverte-dune-mysterieuse-lettre-2","status":"publish","type":"post","link":"https:\/\/www.europesays.com\/fr\/455790\/","title":{"rendered":"Notre-Dame de Paris pass\u00e9e au crible apr\u00e8s la d\u00e9couverte d\u2019une myst\u00e9rieuse lettre"},"content":{"rendered":"<p>        <img decoding=\"async\" loading=\"lazy\" src=\"https:\/\/www.europesays.com\/fr\/wp-content\/uploads\/2025\/10\/0348c9c_upload-1-ko2pwohy7bjf-afp-20250930-hl-hcampos-2902219-v1-highres-francetourismdailylifenotre.jpeg\"  width=\"728\" height=\"409\" alt=\"La file d\u2019attente pour entrer dans la cath\u00e9dr\u00e2le Notre-Dame, \u00e0 Paris, le 30\u00a0septembre 2025.\"\/>  <\/p>\n<p>HENRIQUE CAMPOS \/ Hans Lucas via AFP<\/p>\n<p>La file d\u2019attente pour entrer dans la cath\u00e9dr\u00e2le Notre-Dame, \u00e0 Paris, le 30\u00a0septembre 2025.<\/p>\n<p class=\"asset asset-text\">PARIS &#8211; Ce sont des mots qui font froid dans le dos. Comme le d\u00e9voile Le Figaro ce samedi 11\u00a0octobre &#8211; une information confirm\u00e9e par la suite par BFMTV -, une lettre anonyme a \u00e9t\u00e9 d\u00e9couverte vendredi apr\u00e8s-midi dans <a href=\"https:\/\/www.huffingtonpost.fr\/france\/video\/avant-les-journees-du-patrimoine-les-tours-de-notre-dame-rouvertes-au-public-apres-cinq-ans-de-restauration-clx1_255010.html\" target=\"_blank\" rel=\"noopener\">Notre-Dame de Paris<\/a>.<\/p>\n<p class=\"asset asset-text\">Le message, trouv\u00e9 par une sacristaine pr\u00e8s des cierges, \u00e9tait dactylographi\u00e9. \u00ab\u00a0N\u2019ouvrez pas la cath\u00e9drale le 11 et 12\u00a0octobre il y aura des visiteurs \u00e9trangers qui, gr\u00e2ce \u00e0 l\u2019aide d\u2019autres visiteurs, ont d\u00e9j\u00e0 cach\u00e9 des couteaux dans la cath\u00e9drale ces derniers jours, ils feront un carnage. N\u2019ouvrez pas la cath\u00e9drale SVP\u00a0\u00bb, \u00e9tait-il \u00e9crit.<\/p>\n<p class=\"asset asset-text\">Au moment de la d\u00e9couverte, <a href=\"https:\/\/www.huffingtonpost.fr\/france\/video\/notre-dame-de-paris-retrouve-une-premiere-statue-geante-et-tres-symbolique-de-sa-fleche_251718.html\" target=\"_blank\" rel=\"noopener\" title=\"Nouvelle fen\u00eatre\">la cath\u00e9drale<\/a> n\u2019a pas \u00e9t\u00e9 \u00e9vacu\u00e9e. De premi\u00e8res fouilles se sont d\u00e9roul\u00e9es discr\u00e8tement dans l\u2019apr\u00e8s-midi, permettant \u00ab\u00a0une lev\u00e9e de doute\u00a0\u00bb dans la soir\u00e9e, <a href=\"https:\/\/www.lefigaro.fr\/faits-divers\/paris-une-lettre-alertant-sur-un-risque-d-attentat-ce-week-end-decouverte-dans-la-cathedrale-notre-dame-20251011\" target=\"_blank\" rel=\"noopener\" title=\"Nouvelle fen\u00eatre\">rapporte Le Figaro<\/a>.<\/p>\n<p class=\"asset asset-text\">Une \u00ab\u00a0inspection de s\u00e9curit\u00e9 r\u00e9alis\u00e9e conjointement par le service de s\u00e9curit\u00e9 de la cath\u00e9drale et les effectifs de la direction de l\u2019ordre public et de la circulation de la pr\u00e9fecture de police a permis d\u2019\u00e9carter tout risque\u00a0\u00bb, <a href=\"https:\/\/www.bfmtv.com\/police-justice\/notre-dame-de-paris-une-lettre-alertant-sur-un-risque-d-attentat-decouverte-dans-la-cathedrale_AN-202510110208.html?at_brand=BFMTV&amp;at_compte=BFMTV&amp;at_plateforme=twitter&amp;at_campaign=Fan_pages&amp;at_medium=Community_Management\" target=\"_blank\" rel=\"noopener\" title=\"Nouvelle fen\u00eatre\">a r\u00e9sum\u00e9 la pr\u00e9fecture de police de Paris \u00e0 BFMTV<\/a>.<\/p>\n<p class=\"asset asset-text\">R\u00e9sultat, Notre-Dame a pu ouvrir comme si de rien n\u2019\u00e9tait ce samedi matin aux visiteurs, <a href=\"https:\/\/www.huffingtonpost.fr\/culture\/article\/la-cathedrale-notre-dame-de-paris-en-route-pour-battre-son-record-de-frequentation_252273.html\" target=\"_blank\" rel=\"noopener\">au nombre de 35\u00a0000\u00a0en moyenne chaque jour<\/a> depuis <a href=\"https:\/\/www.huffingtonpost.fr\/culture\/article\/reouverture-de-notre-dame-de-paris-voici-a-quoi-elle-ressemblera-cinq-ans-et-demi-apres-l-incendie_241628.html\" target=\"_blank\" rel=\"noopener\">la r\u00e9ouverture de l\u2019\u00e9difice religieux<\/a>.<\/p>\n<p class=\"asset asset-text\">Les responsables de la cath\u00e9drale envisageraient de porter plainte apr\u00e8s la d\u00e9couverte de cette lettre.<\/p>\n","protected":false},"excerpt":{"rendered":"HENRIQUE CAMPOS \/ Hans Lucas via AFP La file d\u2019attente pour entrer dans la cath\u00e9dr\u00e2le Notre-Dame, \u00e0 Paris,&hellip;\n","protected":false},"author":2,"featured_media":455791,"comment_status":"","ping_status":"","sticky":false,"template":"","format":"standard","meta":{"footnotes":""},"categories":[4],"tags":[11,118,1011,27,12,3341,626,25],"class_list":{"0":"post-455790","1":"post","2":"type-post","3":"status-publish","4":"format-standard","5":"has-post-thumbnail","7":"category-france","8":"tag-actualites","9":"tag-faits-divers","10":"tag-fr","11":"tag-france","12":"tag-news","13":"tag-notre-dame-de-paris","14":"tag-paris","15":"tag-republique-francaise"},"share_on_mastodon":{"url":"https:\/\/pubeurope.com\/@fr\/115357318643224992","error":""},"_links":{"self":[{"href":"https:\/\/www.europesays.com\/fr\/wp-json\/wp\/v2\/posts\/455790","targetHints":{"allow":["GET"]}}],"collection":[{"href":"https:\/\/www.europesays.com\/fr\/wp-json\/wp\/v2\/posts"}],"about":[{"href":"https:\/\/www.europesays.com\/fr\/wp-json\/wp\/v2\/types\/post"}],"author":[{"embeddable":true,"href":"https:\/\/www.europesays.com\/fr\/wp-json\/wp\/v2\/users\/2"}],"replies":[{"embeddable":true,"href":"https:\/\/www.europesays.com\/fr\/wp-json\/wp\/v2\/comments?post=455790"}],"version-history":[{"count":0,"href":"https:\/\/www.europesays.com\/fr\/wp-json\/wp\/v2\/posts\/455790\/revisions"}],"wp:featuredmedia":[{"embeddable":true,"href":"https:\/\/www.europesays.com\/fr\/wp-json\/wp\/v2\/media\/455791"}],"wp:attachment":[{"href":"https:\/\/www.europesays.com\/fr\/wp-json\/wp\/v2\/media?parent=455790"}],"wp:term":[{"taxonomy":"category","embeddable":true,"href":"https:\/\/www.europesays.com\/fr\/wp-json\/wp\/v2\/categories?post=455790"},{"taxonomy":"post_tag","embeddable":true,"href":"https:\/\/www.europesays.com\/fr\/wp-json\/wp\/v2\/tags?post=455790"}],"curies":[{"name":"wp","href":"https:\/\/api.w.org\/{rel}","templated":true}]}}