{"id":455798,"date":"2025-10-11T20:05:35","date_gmt":"2025-10-11T20:05:35","guid":{"rendered":"https:\/\/www.europesays.com\/fr\/455798\/"},"modified":"2025-10-11T20:05:35","modified_gmt":"2025-10-11T20:05:35","slug":"landange-concert-de-musique-tzigane-a-leglise-sainte-marguerite","status":"publish","type":"post","link":"https:\/\/www.europesays.com\/fr\/455798\/","title":{"rendered":"Landange. Concert de musique tzigane \u00e0 l\u2019\u00e9glise Sainte-Marguerite"},"content":{"rendered":"<p>Le club Les M\u00e9sanges organise un concert du groupe Tziganisky le dimanche 26\u00a0octobre \u00e0 15\u00a0h\u00a030, \u00e0 l\u2019\u00e9glise Sainte-Marguerite. Ce collectif de musiciens, issus de l\u2019Op\u00e9ra national de Nancy, est reconnu pour ses interpr\u00e9tations du r\u00e9pertoire tzigane. \u00c0 l\u2019issue du concert, une soir\u00e9e pizzas-flamms est pr\u00e9vue \u00e0 la salle communale. Cet \u00e9v\u00e9nement s\u2019inscrit dans une volont\u00e9 de proposer un moment musical accessible \u00e0 tous les publics, alliant ma\u00eetrise instrumentale et richesse culturelle.<\/p>\n<p class=\"note\">Tarif\u00a0: 10\u00a0\u20ac. R\u00e9servations au 06\u00a020\u00a036\u00a056\u00a029 jusqu\u2019au 20\u00a0octobre.<\/p>\n","protected":false},"excerpt":{"rendered":"Le club Les M\u00e9sanges organise un concert du groupe Tziganisky le dimanche 26\u00a0octobre \u00e0 15\u00a0h\u00a030, \u00e0 l\u2019\u00e9glise Sainte-Marguerite.&hellip;\n","protected":false},"author":2,"featured_media":455799,"comment_status":"","ping_status":"","sticky":false,"template":"","format":"standard","meta":{"footnotes":""},"categories":[9635],"tags":[1111,11,58107,1687,5327,1777,674,1011,27,775,58106,873,1702,12,25],"class_list":{"0":"post-455798","1":"post","2":"type-post","3":"status-publish","4":"format-standard","5":"has-post-thumbnail","7":"category-nancy","8":"tag-actu","9":"tag-actualites","10":"tag-cc-sarrebourg-moselle-sud-57c","11":"tag-culture-loisirs","12":"tag-edition-sarrebourg-chateau-salins","13":"tag-eu","14":"tag-europe","15":"tag-fr","16":"tag-france","17":"tag-grand-est","18":"tag-landange","19":"tag-musique","20":"tag-nancy","21":"tag-news","22":"tag-republique-francaise"},"share_on_mastodon":{"url":"https:\/\/pubeurope.com\/@fr\/115357333894037153","error":""},"_links":{"self":[{"href":"https:\/\/www.europesays.com\/fr\/wp-json\/wp\/v2\/posts\/455798","targetHints":{"allow":["GET"]}}],"collection":[{"href":"https:\/\/www.europesays.com\/fr\/wp-json\/wp\/v2\/posts"}],"about":[{"href":"https:\/\/www.europesays.com\/fr\/wp-json\/wp\/v2\/types\/post"}],"author":[{"embeddable":true,"href":"https:\/\/www.europesays.com\/fr\/wp-json\/wp\/v2\/users\/2"}],"replies":[{"embeddable":true,"href":"https:\/\/www.europesays.com\/fr\/wp-json\/wp\/v2\/comments?post=455798"}],"version-history":[{"count":0,"href":"https:\/\/www.europesays.com\/fr\/wp-json\/wp\/v2\/posts\/455798\/revisions"}],"wp:featuredmedia":[{"embeddable":true,"href":"https:\/\/www.europesays.com\/fr\/wp-json\/wp\/v2\/media\/455799"}],"wp:attachment":[{"href":"https:\/\/www.europesays.com\/fr\/wp-json\/wp\/v2\/media?parent=455798"}],"wp:term":[{"taxonomy":"category","embeddable":true,"href":"https:\/\/www.europesays.com\/fr\/wp-json\/wp\/v2\/categories?post=455798"},{"taxonomy":"post_tag","embeddable":true,"href":"https:\/\/www.europesays.com\/fr\/wp-json\/wp\/v2\/tags?post=455798"}],"curies":[{"name":"wp","href":"https:\/\/api.w.org\/{rel}","templated":true}]}}