{"id":455814,"date":"2025-10-11T20:15:13","date_gmt":"2025-10-11T20:15:13","guid":{"rendered":"https:\/\/www.europesays.com\/fr\/455814\/"},"modified":"2025-10-11T20:15:13","modified_gmt":"2025-10-11T20:15:13","slug":"le-gouvernement-lecornu-doit-proposer-un-autre-chemin-demande-le-president","status":"publish","type":"post","link":"https:\/\/www.europesays.com\/fr\/455814\/","title":{"rendered":"Le gouvernement Lecornu doit \u00ab\u00a0proposer un autre chemin\u00a0\u00bb, demande le pr\u00e9sident"},"content":{"rendered":"<p><strong>\u00ab\u00a0Alors que son camp a \u00e9t\u00e9 d\u00e9savou\u00e9 dans les urnes, le chef de l\u2019\u00c9tat s\u2019obstine, au risque d\u2019accro\u00eetre encore davantage la crise d\u00e9mocratique et la d\u00e9fiance de Fran\u00e7aises et des Fran\u00e7ais envers les institutions et la classe politique dans son ensemble\u00a0\u00bb<\/strong>, estime, ce samedi 11 octobre 2025, Jean-Luc Chenut, pr\u00e9sident socialiste du conseil d\u00e9partemental d\u2019Ille-et-Vilaine, en r\u00e9action \u00e0 <a href=\"https:\/\/rennes.maville.com\/actu\/actudet_-recit.-de-la-chute-du-gouvernement-lecornu-au-moment-de-verite-une-semaine-politique-hors-normes-_54135-7014747_actu.Htm\" target=\"_self\" rel=\"noopener\">la reconduction de S\u00e9bastien Lecornu aux fonctions de Premier ministre<\/a>.<\/p>\n<p>Dans le m\u00eame communiqu\u00e9 du groupe de gauche socialiste et citoyen du D\u00e9partement, ses co-pr\u00e9sident Anne-Fran\u00e7oise Courteille et Beno\u00eet Sohier ajoutent que <strong>\u00ab\u00a0le projet de loi de finances doit proposer un autre chemin\u00a0: des mesures fortes en faveur du pouvoir d\u2019achat des classes moyennes et populaires, une taxation des plus ais\u00e9s et des hauts patrimoines, et un engagement fort pour soutenir les collectivit\u00e9s\u00a0\u00bb<\/strong>.<\/p>\n<p>\u00a0<\/p>\n","protected":false},"excerpt":{"rendered":"\u00ab\u00a0Alors que son camp a \u00e9t\u00e9 d\u00e9savou\u00e9 dans les urnes, le chef de l\u2019\u00c9tat s\u2019obstine, au risque d\u2019accro\u00eetre&hellip;\n","protected":false},"author":2,"featured_media":455815,"comment_status":"","ping_status":"","sticky":false,"template":"","format":"standard","meta":{"footnotes":""},"categories":[2821],"tags":[1111,11,829,20837,7650,1777,674,1011,27,418,848,51445,12,4919,13434,3086,584,25],"class_list":{"0":"post-455814","1":"post","2":"type-post","3":"status-publish","4":"format-standard","5":"has-post-thumbnail","7":"category-rennes","8":"tag-actu","9":"tag-actualites","10":"tag-bretagne","11":"tag-chemin","12":"tag-demande","13":"tag-eu","14":"tag-europe","15":"tag-fr","16":"tag-france","17":"tag-gouvernement","18":"tag-ille-et-vilaine","19":"tag-lecornu","20":"tag-news","21":"tag-president","22":"tag-proposer","23":"tag-redon","24":"tag-rennes","25":"tag-republique-francaise"},"share_on_mastodon":{"url":"https:\/\/pubeurope.com\/@fr\/115357373252382357","error":""},"_links":{"self":[{"href":"https:\/\/www.europesays.com\/fr\/wp-json\/wp\/v2\/posts\/455814","targetHints":{"allow":["GET"]}}],"collection":[{"href":"https:\/\/www.europesays.com\/fr\/wp-json\/wp\/v2\/posts"}],"about":[{"href":"https:\/\/www.europesays.com\/fr\/wp-json\/wp\/v2\/types\/post"}],"author":[{"embeddable":true,"href":"https:\/\/www.europesays.com\/fr\/wp-json\/wp\/v2\/users\/2"}],"replies":[{"embeddable":true,"href":"https:\/\/www.europesays.com\/fr\/wp-json\/wp\/v2\/comments?post=455814"}],"version-history":[{"count":0,"href":"https:\/\/www.europesays.com\/fr\/wp-json\/wp\/v2\/posts\/455814\/revisions"}],"wp:featuredmedia":[{"embeddable":true,"href":"https:\/\/www.europesays.com\/fr\/wp-json\/wp\/v2\/media\/455815"}],"wp:attachment":[{"href":"https:\/\/www.europesays.com\/fr\/wp-json\/wp\/v2\/media?parent=455814"}],"wp:term":[{"taxonomy":"category","embeddable":true,"href":"https:\/\/www.europesays.com\/fr\/wp-json\/wp\/v2\/categories?post=455814"},{"taxonomy":"post_tag","embeddable":true,"href":"https:\/\/www.europesays.com\/fr\/wp-json\/wp\/v2\/tags?post=455814"}],"curies":[{"name":"wp","href":"https:\/\/api.w.org\/{rel}","templated":true}]}}