{"id":455816,"date":"2025-10-11T20:16:20","date_gmt":"2025-10-11T20:16:20","guid":{"rendered":"https:\/\/www.europesays.com\/fr\/455816\/"},"modified":"2025-10-11T20:16:20","modified_gmt":"2025-10-11T20:16:20","slug":"le-reims-metropole-futsal-trahi-par-la-reussite-face-a-rennes-sport-club","status":"publish","type":"post","link":"https:\/\/www.europesays.com\/fr\/455816\/","title":{"rendered":"Le Reims M\u00e9tropole Futsal trahi par la r\u00e9ussite face \u00e0 Rennes \u2022 Sport Club"},"content":{"rendered":"<p><b>A l\u2019issue d\u2019une rencontre tendue o\u00f9 l\u2019arbitrage n\u2019a pas toujours sembl\u00e9 dans la ma\u00eetrise, le Reims M\u00e9tropole a perdu sa premi\u00e8re rencontre de la saison ce samedi en D2. Face \u00e0 Rennes et sans Anthony Millet ni Hugo Champion, puis priv\u00e9 de Renato De Sousa, bless\u00e9 \u00e0 la cuisse, les R\u00e9mois ont toujours couru apr\u00e8s le score. Et pourtant, ils ont eu plusieurs fois l\u2019occasion d\u2019ouvrir le score en premi\u00e8re mi-temps. Mais les maladresses et la qualit\u00e9 du gardien adverse ont eu raison des v\u00e9ll\u00e9it\u00e9s r\u00e9moises. Dans ce cadre, Rennes, solide en d\u00e9fense et fatal en contre, a fait preuve d\u2019un beau r\u00e9alisme pour malmener les locaux. La r\u00e9action en fin de match \u00e9tait trop tardive. Dommage contre une \u00e9quipe qui semblait \u00e0 la port\u00e9e du RMF.<\/b><\/p>\n<blockquote><p>\nLA FEUILLE DE MATCH\n<\/p><\/blockquote>\n<p style=\"text-align: center;\"><strong>REIMS METROPOLE FUTSAL <\/strong><img loading=\"lazy\" decoding=\"async\" class=\"\" src=\"https:\/\/www.europesays.com\/fr\/wp-content\/uploads\/2025\/10\/BC580945.jpg\" width=\"15\" height=\"18\" data-recalc-dims=\"1\"\/><strong> 4-6 <\/strong><img loading=\"lazy\" data-recalc-dims=\"1\" decoding=\"async\" class=\"\" src=\"https:\/\/www.europesays.com\/fr\/wp-content\/uploads\/2025\/10\/BC500018.jpg\" width=\"13\" height=\"18\"\/> \u00a0<strong>TA RENNES<\/strong><\/p>\n<p style=\"text-align: left;\"><strong>MI-TEMPS <\/strong>: 0-1<br \/><strong>ARBITRES<\/strong> : Damien Vasse &amp; Cristian Morar<br \/><strong>BUTS<\/strong> \u2013 Dubois (23e, 38e, 40e sp), Soares (36e) pour Reims ; El Gherbi (10e, 31e), Khelif (22e, 27e), De Barros (25e), Elhis (40e)<br \/><strong>AVERTISSEMENTS <\/strong>\u2013 aux R\u00e9mois Dubois (23e), Ripert (31e), Soares (31e), De Sousa (39e) ; aux Rennais (Elhis, 11e), De Barros (31e), Benshrir (33e), Mounivong (39e)<br \/><img loading=\"lazy\" decoding=\"async\" class=\"\" src=\"https:\/\/www.europesays.com\/fr\/wp-content\/uploads\/2025\/10\/BC580945.jpg\" width=\"15\" height=\"18\" data-recalc-dims=\"1\"\/>\u00a0<strong>REIMS\u00a0<\/strong>: Mouton, Ripert \u2013 De Sousa, Radouane, Dubois, Bedja puis Dagneaux, Toulis, Syroka, Soares. Entr. : St\u00e9phane Le<strong><br \/><\/strong><strong><img loading=\"lazy\" data-recalc-dims=\"1\" decoding=\"async\" class=\"\" src=\"https:\/\/www.europesays.com\/fr\/wp-content\/uploads\/2025\/10\/BC500018.jpg\" width=\"13\" height=\"18\"\/> \u00a0TA RENNES <\/strong>: Lebowary \u2013 Khelif, Dam\u00e9, Quentric, Diakit\u00e9 puis Elhis, El Gherbi, De Barros, Mounivong.<\/p>\n<p>\u00a0<\/p>\n<blockquote><p>\nLES RESULTATS ET LE CLASSEMENT\n<\/p><\/blockquote>\n<ol>\n<li><img loading=\"lazy\" decoding=\"async\" class=\"\" src=\"https:\/\/www.europesays.com\/fr\/wp-content\/uploads\/2025\/10\/BC580945.jpg\" width=\"15\" height=\"18\" data-recalc-dims=\"1\"\/> <strong>REIMS MF <\/strong>6pts<\/li>\n<li><img data-recalc-dims=\"1\" loading=\"lazy\" decoding=\"async\" class=\"\" src=\"https:\/\/www.europesays.com\/fr\/wp-content\/uploads\/2025\/10\/BC500250.jpg\" alt=\"VALENCIENNES FC\" width=\"16\" height=\"18\"\/>\u00a0Valenciennes 6pts<\/li>\n<li><img loading=\"lazy\" data-recalc-dims=\"1\" decoding=\"async\" class=\"\" src=\"https:\/\/www.europesays.com\/fr\/wp-content\/uploads\/2025\/10\/BC500018.jpg\" width=\"13\" height=\"18\"\/>\u00a0Rennes 6pts<\/li>\n<li><img data-recalc-dims=\"1\" loading=\"lazy\" decoding=\"async\" class=\"\" src=\"https:\/\/www.europesays.com\/fr\/wp-content\/uploads\/2025\/10\/BC590181.jpg\" alt=\"HEROUVILLE FUTSAL\" width=\"18\" height=\"18\"\/> H\u00e9rouville 4pts<\/li>\n<li><img data-recalc-dims=\"1\" loading=\"lazy\" decoding=\"async\" class=\"\" src=\"https:\/\/www.europesays.com\/fr\/wp-content\/uploads\/2025\/10\/BC553776.jpg\" width=\"16\" height=\"19\"\/> Garges Djibson 5pts<\/li>\n<li><img loading=\"lazy\" data-recalc-dims=\"1\" decoding=\"async\" class=\"\" src=\"https:\/\/www.europesays.com\/fr\/wp-content\/uploads\/2025\/10\/BC553688.jpg\" alt=\"NANTES DOULON B.\" width=\"18\" height=\"18\"\/> Nantes Doulon 4pts<\/li>\n<li><img data-recalc-dims=\"1\" loading=\"lazy\" decoding=\"async\" class=\"\" src=\"https:\/\/www.europesays.com\/fr\/wp-content\/uploads\/2025\/10\/BC581056.jpg\" width=\"19\" height=\"19\"\/> Ascali Hainaut 3pts<\/li>\n<li><img data-recalc-dims=\"1\" loading=\"lazy\" decoding=\"async\" class=\"\" src=\"https:\/\/www.europesays.com\/fr\/wp-content\/uploads\/2025\/10\/BC564876.jpg\" width=\"19\" height=\"19\"\/> B\u00e9thune 2pts<\/li>\n<li><img data-recalc-dims=\"1\" loading=\"lazy\" decoding=\"async\" class=\"\" src=\"https:\/\/www.europesays.com\/fr\/wp-content\/uploads\/2025\/10\/BC561165.jpg\" width=\"18\" height=\"18\"\/> Marcouville 0pt<\/li>\n<li><img data-recalc-dims=\"1\" loading=\"lazy\" decoding=\"async\" class=\"\" src=\"https:\/\/www.europesays.com\/fr\/wp-content\/uploads\/2025\/10\/BC523693.jpg\" alt=\"AS SAINT JACQUES\" width=\"18\" height=\"18\"\/> AS St-Jacques 0pt<\/li>\n<\/ol>\n<blockquote><p>\nPROCHAIN MATCH\n<\/p><\/blockquote>\n<p>\ud83c\udd9a Ascali Hainaut<br \/>\ud83c\udfc6 D2 (4e journ\u00e9e)<br \/>\ud83d\udcc5 samedi 25 octobre 2025<br \/>\u231a 16h<br \/>\ud83c\udfdf\u00a0 au gymnase Lapique, \u00e0 Reims (51)<\/p>\n","protected":false},"excerpt":{"rendered":"A l\u2019issue d\u2019une rencontre tendue o\u00f9 l\u2019arbitrage n\u2019a pas toujours sembl\u00e9 dans la ma\u00eetrise, le Reims M\u00e9tropole a&hellip;\n","protected":false},"author":2,"featured_media":455817,"comment_status":"","ping_status":"","sticky":false,"template":"","format":"standard","meta":{"footnotes":""},"categories":[2821],"tags":[1111,11,829,19826,1777,674,1011,27,24912,12,58108,584,25,58109],"class_list":{"0":"post-455816","1":"post","2":"type-post","3":"status-publish","4":"format-standard","5":"has-post-thumbnail","7":"category-rennes","8":"tag-actu","9":"tag-actualites","10":"tag-bretagne","11":"tag-d2","12":"tag-eu","13":"tag-europe","14":"tag-fr","15":"tag-france","16":"tag-futsal","17":"tag-news","18":"tag-reims-metropole-futsal","19":"tag-rennes","20":"tag-republique-francaise","21":"tag-rmf"},"share_on_mastodon":{"url":"https:\/\/pubeurope.com\/@fr\/115357377970529144","error":""},"_links":{"self":[{"href":"https:\/\/www.europesays.com\/fr\/wp-json\/wp\/v2\/posts\/455816","targetHints":{"allow":["GET"]}}],"collection":[{"href":"https:\/\/www.europesays.com\/fr\/wp-json\/wp\/v2\/posts"}],"about":[{"href":"https:\/\/www.europesays.com\/fr\/wp-json\/wp\/v2\/types\/post"}],"author":[{"embeddable":true,"href":"https:\/\/www.europesays.com\/fr\/wp-json\/wp\/v2\/users\/2"}],"replies":[{"embeddable":true,"href":"https:\/\/www.europesays.com\/fr\/wp-json\/wp\/v2\/comments?post=455816"}],"version-history":[{"count":0,"href":"https:\/\/www.europesays.com\/fr\/wp-json\/wp\/v2\/posts\/455816\/revisions"}],"wp:featuredmedia":[{"embeddable":true,"href":"https:\/\/www.europesays.com\/fr\/wp-json\/wp\/v2\/media\/455817"}],"wp:attachment":[{"href":"https:\/\/www.europesays.com\/fr\/wp-json\/wp\/v2\/media?parent=455816"}],"wp:term":[{"taxonomy":"category","embeddable":true,"href":"https:\/\/www.europesays.com\/fr\/wp-json\/wp\/v2\/categories?post=455816"},{"taxonomy":"post_tag","embeddable":true,"href":"https:\/\/www.europesays.com\/fr\/wp-json\/wp\/v2\/tags?post=455816"}],"curies":[{"name":"wp","href":"https:\/\/api.w.org\/{rel}","templated":true}]}}