{"id":455818,"date":"2025-10-11T20:17:12","date_gmt":"2025-10-11T20:17:12","guid":{"rendered":"https:\/\/www.europesays.com\/fr\/455818\/"},"modified":"2025-10-11T20:17:12","modified_gmt":"2025-10-11T20:17:12","slug":"au-wacken-osmose-2-devoile-ses-elegantes-courbes","status":"publish","type":"post","link":"https:\/\/www.europesays.com\/fr\/455818\/","title":{"rendered":"au Wacken, Osmose 2 d\u00e9voile ses \u00e9l\u00e9gantes courbes"},"content":{"rendered":"<p>\u00ab\u00a0L\u2019\u00eelot Osmose se d\u00e9marque des autres lots des deux programmes Archipel : il assume sa sensualit\u00e9, son bien-\u00eatre et son c\u00f4t\u00e9 enveloppant, comme deux bras qui se retrouvent avec un \u00eelot v\u00e9g\u00e9tal en leur c\u0153ur\u00a0\u00bb, d\u00e9crypte Nicolas Parent, d\u2019Oslo architectes pour expliquer la d\u00e9marche co-con\u00e7ue avec ArtBuild Architectes. L\u2019\u00e9criture toute particuli\u00e8re de cette forme des b\u00e2timents \u00ab\u00a0s\u2019est inscrite dans le temps long et constituera l\u2019aboutissement de neuf ann\u00e9es de travaux, de la conception en 2018 \u00e0 la r\u00e9alisation\u00a0\u00bb, souligne Bruno Caball\u00e9, d\u2019ArtBuild Architectes.<\/p>\n<p>Dans cet \u00e9crin exceptionnel, face au <a href=\"https:\/\/www.dna.fr\/p\/parlement-europeen\" target=\"_blank\" rel=\"noopener\">Parlement europ\u00e9en<\/a>, le second et dernier b\u00e2timent Osmose \u2013 con\u00e7u en d\u00e9cembre\u00a02023 \u2013 sera livr\u00e9 (pour un montant de 58\u00a0millions d\u2019euros) au second semestre 2026 \u00e0 un <a href=\"https:\/\/www.dna.fr\/economie\/2023\/12\/21\/un-nouveau-voisin-pour-le-parlement-europeen\" target=\"_blank\" rel=\"noopener\">\u00e9tablissement bancaire<\/a> (*). Ainsi se refermera la parenth\u00e8se de l\u2019\u00e9dification de l\u2019ensemble urbain Archipel 1, dont le nom du lot \u00e9tait le \u00ab\u00a0E\u00a0\u00bb, \u00ab\u00a0pour \u00eatre gard\u00e9 en r\u00e9serve pour l\u2019Europe\u00a0\u00bb, rappelle Nicolas Parent.<\/p>\n<p>Une vue \u00e0&#8230;                        <\/p>\n","protected":false},"excerpt":{"rendered":"\u00ab\u00a0L\u2019\u00eelot Osmose se d\u00e9marque des autres lots des deux programmes Archipel : il assume sa sensualit\u00e9, son bien-\u00eatre&hellip;\n","protected":false},"author":2,"featured_media":455819,"comment_status":"","ping_status":"","sticky":false,"template":"","format":"standard","meta":{"footnotes":""},"categories":[2820],"tags":[1111,11,4749,33,2880,436,1777,674,107,1011,27,775,12,25,640,2879],"class_list":{"0":"post-455818","1":"post","2":"type-post","3":"status-publish","4":"format-standard","5":"has-post-thumbnail","7":"category-strasbourg","8":"tag-actu","9":"tag-actualites","10":"tag-btp-et-chantiers","11":"tag-economie","12":"tag-edition-strasbourg","13":"tag-environnement","14":"tag-eu","15":"tag-europe","16":"tag-fil-info","17":"tag-fr","18":"tag-france","19":"tag-grand-est","20":"tag-news","21":"tag-republique-francaise","22":"tag-strasbourg","23":"tag-strasbourg-ville"},"share_on_mastodon":{"url":"https:\/\/pubeurope.com\/@fr\/115357381050502981","error":""},"_links":{"self":[{"href":"https:\/\/www.europesays.com\/fr\/wp-json\/wp\/v2\/posts\/455818","targetHints":{"allow":["GET"]}}],"collection":[{"href":"https:\/\/www.europesays.com\/fr\/wp-json\/wp\/v2\/posts"}],"about":[{"href":"https:\/\/www.europesays.com\/fr\/wp-json\/wp\/v2\/types\/post"}],"author":[{"embeddable":true,"href":"https:\/\/www.europesays.com\/fr\/wp-json\/wp\/v2\/users\/2"}],"replies":[{"embeddable":true,"href":"https:\/\/www.europesays.com\/fr\/wp-json\/wp\/v2\/comments?post=455818"}],"version-history":[{"count":0,"href":"https:\/\/www.europesays.com\/fr\/wp-json\/wp\/v2\/posts\/455818\/revisions"}],"wp:featuredmedia":[{"embeddable":true,"href":"https:\/\/www.europesays.com\/fr\/wp-json\/wp\/v2\/media\/455819"}],"wp:attachment":[{"href":"https:\/\/www.europesays.com\/fr\/wp-json\/wp\/v2\/media?parent=455818"}],"wp:term":[{"taxonomy":"category","embeddable":true,"href":"https:\/\/www.europesays.com\/fr\/wp-json\/wp\/v2\/categories?post=455818"},{"taxonomy":"post_tag","embeddable":true,"href":"https:\/\/www.europesays.com\/fr\/wp-json\/wp\/v2\/tags?post=455818"}],"curies":[{"name":"wp","href":"https:\/\/api.w.org\/{rel}","templated":true}]}}