{"id":455820,"date":"2025-10-11T20:18:11","date_gmt":"2025-10-11T20:18:11","guid":{"rendered":"https:\/\/www.europesays.com\/fr\/455820\/"},"modified":"2025-10-11T20:18:11","modified_gmt":"2025-10-11T20:18:11","slug":"le-grand-bonheur-de-las-strasbourg","status":"publish","type":"post","link":"https:\/\/www.europesays.com\/fr\/455820\/","title":{"rendered":"le grand bonheur de l\u2019AS Strasbourg"},"content":{"rendered":"<p>Mathieu Puech, le pr\u00e9sident de l\u2019AS Strasbourg a beau chercher. Un collectif du club titr\u00e9 au niveau national, c\u2019est du jamais vu. M\u00eame \u00e0 titre individuel, depuis l\u2019illustre marcheuse Suzanne Griesbach, couronn\u00e9e 19 fois au si\u00e8cle dernier, seul Mohamed-Amine Kodad lui vient \u00e0 l\u2019esprit.<\/p>\n<p>\u00ab\u00a0On attendait \u00e7a depuis longtemps. Voil\u00e0 quelques saisons que Michel Dettling ( le coach, NDLR ) essaye de monter un groupe performant. Ils le m\u00e9ritent tant. C\u2019est une belle r\u00e9compense, une grande fiert\u00e9. Et pour un petit club comme le n\u00f4tre, c\u2019est juste \u00e9norme.\u00a0\u00bb<\/p>\n<p>Signant le meilleur temps en s\u00e9rie, Tanguy Fleurival, Dylan Chinama, C\u00e9dric Lawson et Ayit\u00e9 Attiwoto \u00e9taient pour la premi\u00e8re fois&#8230;<\/p>\n","protected":false},"excerpt":{"rendered":"Mathieu Puech, le pr\u00e9sident de l\u2019AS Strasbourg a beau chercher. Un collectif du club titr\u00e9 au niveau national,&hellip;\n","protected":false},"author":2,"featured_media":455821,"comment_status":"","ping_status":"","sticky":false,"template":"","format":"standard","meta":{"footnotes":""},"categories":[2820],"tags":[1111,11,2389,4132,2649,2880,1777,674,107,1011,27,329,775,12,25,517,640],"class_list":{"0":"post-455820","1":"post","2":"type-post","3":"status-publish","4":"format-standard","5":"has-post-thumbnail","7":"category-strasbourg","8":"tag-actu","9":"tag-actualites","10":"tag-alsace","11":"tag-athletisme","12":"tag-bas-rhin","13":"tag-edition-strasbourg","14":"tag-eu","15":"tag-europe","16":"tag-fil-info","17":"tag-fr","18":"tag-france","19":"tag-france-monde","20":"tag-grand-est","21":"tag-news","22":"tag-republique-francaise","23":"tag-sport","24":"tag-strasbourg"},"share_on_mastodon":{"url":"https:\/\/pubeurope.com\/@fr\/115357384867255562","error":""},"_links":{"self":[{"href":"https:\/\/www.europesays.com\/fr\/wp-json\/wp\/v2\/posts\/455820","targetHints":{"allow":["GET"]}}],"collection":[{"href":"https:\/\/www.europesays.com\/fr\/wp-json\/wp\/v2\/posts"}],"about":[{"href":"https:\/\/www.europesays.com\/fr\/wp-json\/wp\/v2\/types\/post"}],"author":[{"embeddable":true,"href":"https:\/\/www.europesays.com\/fr\/wp-json\/wp\/v2\/users\/2"}],"replies":[{"embeddable":true,"href":"https:\/\/www.europesays.com\/fr\/wp-json\/wp\/v2\/comments?post=455820"}],"version-history":[{"count":0,"href":"https:\/\/www.europesays.com\/fr\/wp-json\/wp\/v2\/posts\/455820\/revisions"}],"wp:featuredmedia":[{"embeddable":true,"href":"https:\/\/www.europesays.com\/fr\/wp-json\/wp\/v2\/media\/455821"}],"wp:attachment":[{"href":"https:\/\/www.europesays.com\/fr\/wp-json\/wp\/v2\/media?parent=455820"}],"wp:term":[{"taxonomy":"category","embeddable":true,"href":"https:\/\/www.europesays.com\/fr\/wp-json\/wp\/v2\/categories?post=455820"},{"taxonomy":"post_tag","embeddable":true,"href":"https:\/\/www.europesays.com\/fr\/wp-json\/wp\/v2\/tags?post=455820"}],"curies":[{"name":"wp","href":"https:\/\/api.w.org\/{rel}","templated":true}]}}