{"id":455822,"date":"2025-10-11T20:20:12","date_gmt":"2025-10-11T20:20:12","guid":{"rendered":"https:\/\/www.europesays.com\/fr\/455822\/"},"modified":"2025-10-11T20:20:12","modified_gmt":"2025-10-11T20:20:12","slug":"le-president-patrick-veron-range-la-robe-rouge","status":"publish","type":"post","link":"https:\/\/www.europesays.com\/fr\/455822\/","title":{"rendered":"le pr\u00e9sident Patrick V\u00e9ron range la robe rouge"},"content":{"rendered":"<p class=\"fs-5 \">La petite histoire retiendra que pour son dernier proc\u00e8s en tant que pr\u00e9sident d\u2019une cour criminelle, vendredi \u00e0 Draguignan dans un dossier de viols sur mineurs, Patrick V\u00e9ron a prononc\u00e9 une peine de 17 ann\u00e9es de r\u00e9clusion.<\/p>\n<p class=\"fs-5 \">La plus grande, elle, se souviendra d\u2019un magistrat humaniste, \u00e0 l\u2019\u00e9coute et abordable, bienveillant \u00e0 l\u2019\u00e9gard des victimes, appr\u00e9ci\u00e9 des avocats et avec le souci constant de la peine juste. Un reste, sans doute, de son long passage en tant que juge pour enfants du c\u00f4t\u00e9 de Toulon et Marseille dans les ann\u00e9es 80 et 90.<\/p>\n<p>                                                                                Documentaire et s\u00e9rie t\u00e9l\u00e9<\/p>\n<p class=\"fs-5 \">C\u2019est dans ce costume d\u2019ailleurs qu\u2019il s\u2019\u00e9tait fait conna\u00eetre de la France enti\u00e8re \u00e0 l\u2019occasion d\u2019une s\u00e9rie documentaire en quatre \u00e9pisodes diffus\u00e9e sur France 2 en novembre 1992 intitul\u00e9e \u00ab Les enfants du juge V\u00e9ron \u00bb. Le succ\u00e8s avait \u00e9t\u00e9 tel qu\u2019outre des demandes d\u2019autographes dans la rue, les restaurants et m\u00eame les avions (!), une fiction en avait \u00e9t\u00e9 tir\u00e9e deux ans plus tard.<\/p>\n<p class=\"fs-5 \">Il avait poursuivi sa carri\u00e8re en 2012 en tant que vice-pr\u00e9sident du tribunal de grande instance de Nice, dirigeant les audiences correctionnelles avant d&rsquo;endosser la robe rouge de pr\u00e9sident de cour d\u2019assises toujours \u00e0 Nice puis \u00e0 Draguignan depuis quatre ans. Pas trop loin de Toulon, et donc du RCT. Un peu pr\u00e8s de Marseille aussi et de son \u00e9pouse. Avec laquelle il devrait profiter de son d\u00e9sormais \u00e9norme temps libre pour voyager.<\/p>\n<p class=\"fs-5 \">La place, encore chaude, sera occup\u00e9e d\u00e8s lundi par Emmanuelle de Rosa, Anne-Val\u00e9rie Lablanche et Ludovic Leclerc.<\/p>\n","protected":false},"excerpt":{"rendered":"La petite histoire retiendra que pour son dernier proc\u00e8s en tant que pr\u00e9sident d\u2019une cour criminelle, vendredi \u00e0&hellip;\n","protected":false},"author":2,"featured_media":455823,"comment_status":"","ping_status":"","sticky":false,"template":"","format":"standard","meta":{"footnotes":""},"categories":[2819],"tags":[1111,11,1777,674,1011,27,12,2401,882,25],"class_list":{"0":"post-455822","1":"post","2":"type-post","3":"status-publish","4":"format-standard","5":"has-post-thumbnail","7":"category-nice","8":"tag-actu","9":"tag-actualites","10":"tag-eu","11":"tag-europe","12":"tag-fr","13":"tag-france","14":"tag-news","15":"tag-nice","16":"tag-provence-alpes-cote-dazur","17":"tag-republique-francaise"},"share_on_mastodon":{"url":"https:\/\/pubeurope.com\/@fr\/115357393003647331","error":""},"_links":{"self":[{"href":"https:\/\/www.europesays.com\/fr\/wp-json\/wp\/v2\/posts\/455822","targetHints":{"allow":["GET"]}}],"collection":[{"href":"https:\/\/www.europesays.com\/fr\/wp-json\/wp\/v2\/posts"}],"about":[{"href":"https:\/\/www.europesays.com\/fr\/wp-json\/wp\/v2\/types\/post"}],"author":[{"embeddable":true,"href":"https:\/\/www.europesays.com\/fr\/wp-json\/wp\/v2\/users\/2"}],"replies":[{"embeddable":true,"href":"https:\/\/www.europesays.com\/fr\/wp-json\/wp\/v2\/comments?post=455822"}],"version-history":[{"count":0,"href":"https:\/\/www.europesays.com\/fr\/wp-json\/wp\/v2\/posts\/455822\/revisions"}],"wp:featuredmedia":[{"embeddable":true,"href":"https:\/\/www.europesays.com\/fr\/wp-json\/wp\/v2\/media\/455823"}],"wp:attachment":[{"href":"https:\/\/www.europesays.com\/fr\/wp-json\/wp\/v2\/media?parent=455822"}],"wp:term":[{"taxonomy":"category","embeddable":true,"href":"https:\/\/www.europesays.com\/fr\/wp-json\/wp\/v2\/categories?post=455822"},{"taxonomy":"post_tag","embeddable":true,"href":"https:\/\/www.europesays.com\/fr\/wp-json\/wp\/v2\/tags?post=455822"}],"curies":[{"name":"wp","href":"https:\/\/api.w.org\/{rel}","templated":true}]}}