{"id":455830,"date":"2025-10-11T20:24:12","date_gmt":"2025-10-11T20:24:12","guid":{"rendered":"https:\/\/www.europesays.com\/fr\/455830\/"},"modified":"2025-10-11T20:24:12","modified_gmt":"2025-10-11T20:24:12","slug":"coupe-de-france-de-football-5e-tour-le-tulle-fc-aura-resiste-mais-sincline-contre-les-girondins-de-bordeaux-0-1","status":"publish","type":"post","link":"https:\/\/www.europesays.com\/fr\/455830\/","title":{"rendered":"Coupe de France de football, 5e tour\u00a0: le Tulle FC aura r\u00e9sist\u00e9 mais s&rsquo;incline contre les Girondins de Bordeaux (0-1)"},"content":{"rendered":"<p>Pour le 5e tour de la Coupe de France de football, le Tulle FC recevait du lourd au stade Alexandre-Cueille avec le club mythique des Girondins de Bordeaux. Malgr\u00e9 une vraie r\u00e9sistance au milieu du terrain, les corr\u00e9ziens n&rsquo;ont pas pu s&rsquo;imposer face aux bordelais et conc\u00e8dent la d\u00e9faite (0-1)<\/p>\n<p>Pour la formation tulliste, le premier quart d&rsquo;heure a \u00e9t\u00e9 un bon quart d&rsquo;heure de r\u00e9sistance face aux Girondins. Sans trop se montrer dangereux, <strong>les girondins restent quand m\u00eame ma\u00eetre de la possession<\/strong> et tentent, par des coups de pied arr\u00eat\u00e9s \u00e0 mettre la pression sur les corr\u00e9ziens.<\/p>\n<p>Sous la pression, le Tulle FC a beaucoup de mal \u00e0 se d\u00e9gager de son camp, mais heureusement pour les corr\u00e9ziens, la possession reste st\u00e9rile lors des 30 premi\u00e8res minutes. <strong>Juste avant la mi-temps, les joueurs de Bruno Irles remettent la pression sur l&rsquo;\u00e9quipe de R\u00e9gionale 2,<\/strong> mais encore une fois, sur coup de pied arr\u00eat\u00e9, les Girondins de Bordeaux n&rsquo;arrivent pas \u00e0 trouver le chemin des filets. A la mi-temps, le score est de 0-0.<\/p>\n<p>Une r\u00e9sistance h\u00e9ro\u00efque pour les tullistes en seconde p\u00e9riode<\/p>\n<p>Au retour des vestiaires, le TFC aurait pu profiter d&rsquo;une erreur incroyable du gardien bordelais pour obtenir le premier but, mais l&rsquo;attaquant n&rsquo;arrive pas \u00e0 contr\u00f4ler le ballon. Un retour un peu plus dynamique des deux c\u00f4t\u00e9s du terrain. <strong>La plus tranchante occasion vient pour les Girondins \u00e0 la 56e minute<\/strong> ou apr\u00e8s un magnifique centre d&rsquo;Openda, Mathieu Vilette manque son contr\u00f4le. A l&rsquo;heure de jeu, la panique aurait pu faire flancher les tullistes mais apr\u00e8s une sortie de Julien Labrousse, un de ses d\u00e9fenseur renvoie la balle sur la ligne de but\u00a0!<\/p>\n<p>Bordeaux continue de presser, et sur les ballons de r\u00e9cup\u00e9ration, Tulle n&rsquo;arrive pas \u00e0 \u00eatre juste en face de la cage de Diabate. Bordeaux va quand m\u00eame finalement r\u00e9ussir \u00e0 marquer sur coup de pied arr\u00eat\u00e9, <strong>un coup franc pleine lucarne gauche de Guillaume Odru,<\/strong> ce qui permet aux Girondins d&rsquo;ouvrir le score \u00e0 la 78e minute.<\/p>\n<p>Tulle essayera dans les derni\u00e8res minutes d&rsquo;accrocher le match nul pour aller aux p\u00e9naltys, mais sans succ\u00e8s. Tulle s&rsquo;incline et ne verra pas le 6e tour de la Coupe de France cette ann\u00e9e, apr\u00e8s quand m\u00eame un match de gala face aux Girondins de Bordeaux.<\/p>\n<p>\u00c0 \u00e9couter aussi   <img decoding=\"async\" src=\"https:\/\/www.europesays.com\/fr\/wp-content\/uploads\/2025\/10\/1760214252_941_560x315\" alt=\"Les billets pour le 5e tour de Coupe de France face au Girondins sont arriv\u00e9s ce lundi\" style=\"--_image-preview:url('data:image\/jpeg;base64,\/9j\/2wBDACgcHiMeGSgjISMtKygwPGRBPDc3PHtYXUlkkYCZlo+AjIqgtObDoKrarYqMyP\/L2u71\/\/\/\/m8H\/\/\/\/6\/+b9\/\/j\/2wBDASstLTw1PHZBQXb4pYyl+Pj4+Pj4+Pj4+Pj4+Pj4+Pj4+Pj4+Pj4+Pj4+Pj4+Pj4+Pj4+Pj4+Pj4+Pj4+Pj4+Pj\/wAARCAAXACoDASIAAhEBAxEB\/8QAGAAAAwEBAAAAAAAAAAAAAAAAAAIDBAH\/xAAWEAEBAQAAAAAAAAAAAAAAAAAAAQL\/xAAVAQEBAAAAAAAAAAAAAAAAAAAAAf\/EABURAQEAAAAAAAAAAAAAAAAAAAAR\/9oADAMBAAIRAxEAPwDLDwkNBFJTSpymlBWGJlQIwQ0AB2HyAKrlQBB\/\/9k=');\" loading=\"lazy\" fetchpriority=\"low\" aria-hidden=\"true\" class=\"svelte-1pnmlwx rounded\" onload=\"this.__e=event\" onerror=\"this.__e=event\"\/><\/p>\n","protected":false},"excerpt":{"rendered":"Pour le 5e tour de la Coupe de France de football, le Tulle FC recevait du lourd au&hellip;\n","protected":false},"author":2,"featured_media":455831,"comment_status":"","ping_status":"","sticky":false,"template":"","format":"standard","meta":{"footnotes":""},"categories":[2817],"tags":[1111,11,1997,1777,674,1011,27,12,2219,25],"class_list":{"0":"post-455830","1":"post","2":"type-post","3":"status-publish","4":"format-standard","5":"has-post-thumbnail","7":"category-bordeaux","8":"tag-actu","9":"tag-actualites","10":"tag-bordeaux","11":"tag-eu","12":"tag-europe","13":"tag-fr","14":"tag-france","15":"tag-news","16":"tag-nouvelle-aquitaine","17":"tag-republique-francaise"},"share_on_mastodon":{"url":"https:\/\/pubeurope.com\/@fr\/115357409041882188","error":""},"_links":{"self":[{"href":"https:\/\/www.europesays.com\/fr\/wp-json\/wp\/v2\/posts\/455830","targetHints":{"allow":["GET"]}}],"collection":[{"href":"https:\/\/www.europesays.com\/fr\/wp-json\/wp\/v2\/posts"}],"about":[{"href":"https:\/\/www.europesays.com\/fr\/wp-json\/wp\/v2\/types\/post"}],"author":[{"embeddable":true,"href":"https:\/\/www.europesays.com\/fr\/wp-json\/wp\/v2\/users\/2"}],"replies":[{"embeddable":true,"href":"https:\/\/www.europesays.com\/fr\/wp-json\/wp\/v2\/comments?post=455830"}],"version-history":[{"count":0,"href":"https:\/\/www.europesays.com\/fr\/wp-json\/wp\/v2\/posts\/455830\/revisions"}],"wp:featuredmedia":[{"embeddable":true,"href":"https:\/\/www.europesays.com\/fr\/wp-json\/wp\/v2\/media\/455831"}],"wp:attachment":[{"href":"https:\/\/www.europesays.com\/fr\/wp-json\/wp\/v2\/media?parent=455830"}],"wp:term":[{"taxonomy":"category","embeddable":true,"href":"https:\/\/www.europesays.com\/fr\/wp-json\/wp\/v2\/categories?post=455830"},{"taxonomy":"post_tag","embeddable":true,"href":"https:\/\/www.europesays.com\/fr\/wp-json\/wp\/v2\/tags?post=455830"}],"curies":[{"name":"wp","href":"https:\/\/api.w.org\/{rel}","templated":true}]}}