{"id":455832,"date":"2025-10-11T20:25:13","date_gmt":"2025-10-11T20:25:13","guid":{"rendered":"https:\/\/www.europesays.com\/fr\/455832\/"},"modified":"2025-10-11T20:25:13","modified_gmt":"2025-10-11T20:25:13","slug":"jentends-les-animaux-brailler-le-matin-dans-cette-ville-pres-de-toulouse-linstallation-dun-cirque-cree-la-polemique","status":"publish","type":"post","link":"https:\/\/www.europesays.com\/fr\/455832\/","title":{"rendered":"\u00ab\u00a0J\u2019entends les animaux brailler le matin\u00a0\u00bb\u00a0: dans cette ville pr\u00e8s de Toulouse, l\u2019installation d\u2019un cirque cr\u00e9e la pol\u00e9mique"},"content":{"rendered":"<p>\n                                                                    l&rsquo;essentiel<br \/>\n                                                                Install\u00e9 sur un terrain priv\u00e9 de Cugnaux jusqu\u2019\u00e0 dimanche, le cirque Zavatta suscite la col\u00e8re de plusieurs habitants de la ville, qui d\u00e9noncent des conditions de d\u00e9tention indignes pour les animaux et un non-respect de la loi.\n                            <\/p>\n<p data-end=\"999\" data-start=\"474\">Riveraine de Cugnaux, Virginie ne d\u00e9col\u00e8re pas. Depuis plusieurs jours, elle observe le cirque Zavatta install\u00e9 \u00e0 quelques centaines de m\u00e8tres de chez elle, sur un terrain priv\u00e9 qui jouxte le tarmac de l\u2019a\u00e9roport de Francazal. \u00ab\u00a0J\u2019entends les animaux brailler le matin. Les chevaux, les tigres, les autruches sont entass\u00e9s dans des espaces minuscules\u00a0\u00bb, s\u2019indigne-t-elle.<\/p>\n<p data-end=\"999\" data-start=\"474\">Selon cette habitante, le cirque Zavatta, qui donne plusieurs repr\u00e9sentations dans la ville jusqu\u2019\u00e0 dimanche, d\u00e9tiendrait une vingtaine d\u2019animaux \u2013 tigres, lions, z\u00e8bre, hippopotame, lamas, chameaux \u2013 dans des conditions contraires \u00e0 la loi de novembre\u00a02021 sur la maltraitance animale.<\/p>\n<p class=\"std-elt__inline\">\n        <strong>\u00c0 lire aussi :<\/strong><br \/>\n        <a href=\"https:\/\/www.ladepeche.fr\/2025\/09\/05\/ils-nont-que-quelques-mois-la-presence-de-tigreaux-lors-du-passage-dun-cirque-dans-laude-fait-reagir-une-association-de-protection-animale-12913139.php\" rel=\"nofollow noopener\" target=\"_blank\">\u00ab\u00a0Ils n\u2019ont que quelques mois\u00a0\u00bb: la pr\u00e9sence de tigreaux lors du passage d\u2019un cirque dans l\u2019Aude fait r\u00e9agir une association de protection animale<\/a>\n    <\/p>\n<p data-end=\"1346\" data-start=\"1001\">Le texte autorise encore la d\u00e9tention d\u2019animaux sauvages dans les cirques itin\u00e9rants jusqu\u2019en 2028, mais interdit depuis 2023 leur reproduction. Or, \u00ab\u00a0ils ont trois b\u00e9b\u00e9s tigres, alors que c\u2019est d\u00e9sormais ill\u00e9gal\u00a0\u00bb, assure Virginie. L\u2019association \u00ab\u00a0One Voice\u00a0\u00bb, engag\u00e9e sur le dossier, <a href=\"https:\/\/www.ladepeche.fr\/2025\/09\/05\/ils-nont-que-quelques-mois-la-presence-de-tigreaux-lors-du-passage-dun-cirque-dans-laude-fait-reagir-une-association-de-protection-animale-12913139.php\" target=\"_self\" rel=\"nofollow noopener\">a d\u00e9j\u00e0 signal\u00e9 \u00e0 plusieurs reprises<\/a> les manquements du cirque sur ce point.<\/p>\n<p data-end=\"1346\" data-start=\"1001\">Dans sa communication sur les r\u00e9seaux sociaux, le cirque revendique \u00ab\u00a0plus de 50 animaux\u00a0\u00bb lors de chaque repr\u00e9sentation de deux heures. \u00ab\u00a0En exclusivit\u00e9 venez d\u00e9couvrir nos majestueuses lionnes et notre star Jumbo l\u2019hippopotame g\u00e9ant\u00a0\u00bb, est-il indiqu\u00e9 sur la page Facebook du Grand cirque Zavatta.<\/p>\n<p data-end=\"1346\" data-start=\"1001\">Par son signalement, Virginie souhaite alerter les Cugnalais sur la pr\u00e9sence de ce cirque avec animaux. \u00ab\u00a0Nous voulons surtout rallier le plus de monde possible \u00e0 notre cause\u00a0\u00bb, poursuit la militante, qui a lanc\u00e9 une p\u00e9tition en ligne. \u00ab\u00a0Nous savons qu\u2019ils repartiront dimanche, mais il faut que ces pratiques cessent\u00a0\u00bb, peste-t-elle.<\/p>\n<p>La mairie n\u2019a pas donn\u00e9 son aval<\/p>\n<p data-end=\"1850\" data-start=\"1744\">\u00c0 ce jour, la police municipale a \u00e9t\u00e9 alert\u00e9e par les riverains, mais aucune mesure n\u2019a encore \u00e9t\u00e9 prise contre le cirque. Pourtant, la mairie n\u2019a pas approuv\u00e9 la venue des circassiens sur ce terrain priv\u00e9. \u00ab\u00a0La ville de Cugnaux informe les habitants qu\u2019elle n\u2019a pas autoris\u00e9 l\u2019installation du cirque Zavatta, et n\u2019a d\u00e9livr\u00e9 aucune autorisation en ce sens\u00a0\u00bb, indique la mairie.<\/p>\n<p class=\"std-elt__inline\">\n        <strong>\u00c0 lire aussi :<\/strong><br \/>\n        <a href=\"https:\/\/www.ladepeche.fr\/2025\/09\/23\/tigres-lions-chameaux-hippopotame-serpent-enorme-succes-populaire-pour-ce-cirque-qui-se-moque-des-denonciations-des-animalistes-12948118.php\" rel=\"nofollow noopener\" target=\"_blank\">Tigres, lions, chameaux, hippopotame, serpent\u2026\u00a0: \u00e9norme succ\u00e8s populaire pour ce cirque qui se moque des d\u00e9nonciations des animalistes<\/a>\n    <\/p>\n<p data-end=\"1850\" data-start=\"1744\">La municipalit\u00e9, dirig\u00e9e par Albert Sanchez indique \u00e9galement avoir \u00ab\u00a0saisi les services de l\u2019\u00c9tat \u2013 gendarmerie et pr\u00e9fecture \u2013 afin que toutes les v\u00e9rifications et mesures n\u00e9cessaires soient engag\u00e9es\u00a0\u00bb. D\u00e9favorable \u00e0 la pr\u00e9sence du cirque Zavatta, la mairie rappelle que\u00a0\u00ab\u00a0le conseil municipal a vot\u00e9 un v\u0153u interdisant la pr\u00e9sence de cirques avec animaux sur le territoire communal\u00a0\u00bb.<\/p>\n<p data-end=\"1850\" data-start=\"1744\">Apr\u00e8s <a href=\"https:\/\/www.ladepeche.fr\/2025\/09\/23\/tigres-lions-chameaux-hippopotame-serpent-enorme-succes-populaire-pour-ce-cirque-qui-se-moque-des-denonciations-des-animalistes-12948118.php\" target=\"_self\" rel=\"nofollow noopener\">plusieurs spectacles donn\u00e9s \u00e0 Saint-Orens-de-Gameville<\/a> en septembre dernier, la pr\u00e9sence de ce cirque avec animaux continue de susciter la pol\u00e9mique. Le cirque Zavatta, interrog\u00e9 \u00e0 ce sujet, n\u2019a pas donn\u00e9 suite \u00e0 nos sollicitations.<\/p>\n","protected":false},"excerpt":{"rendered":"l&rsquo;essentiel Install\u00e9 sur un terrain priv\u00e9 de Cugnaux jusqu\u2019\u00e0 dimanche, le cirque Zavatta suscite la col\u00e8re de plusieurs&hellip;\n","protected":false},"author":2,"featured_media":455833,"comment_status":"","ping_status":"","sticky":false,"template":"","format":"standard","meta":{"footnotes":""},"categories":[2816],"tags":[1111,11,1777,674,1011,27,12,2680,25,2312],"class_list":{"0":"post-455832","1":"post","2":"type-post","3":"status-publish","4":"format-standard","5":"has-post-thumbnail","7":"category-toulouse","8":"tag-actu","9":"tag-actualites","10":"tag-eu","11":"tag-europe","12":"tag-fr","13":"tag-france","14":"tag-news","15":"tag-occitanie","16":"tag-republique-francaise","17":"tag-toulouse"},"share_on_mastodon":{"url":"https:\/\/pubeurope.com\/@fr\/115357412533392599","error":""},"_links":{"self":[{"href":"https:\/\/www.europesays.com\/fr\/wp-json\/wp\/v2\/posts\/455832","targetHints":{"allow":["GET"]}}],"collection":[{"href":"https:\/\/www.europesays.com\/fr\/wp-json\/wp\/v2\/posts"}],"about":[{"href":"https:\/\/www.europesays.com\/fr\/wp-json\/wp\/v2\/types\/post"}],"author":[{"embeddable":true,"href":"https:\/\/www.europesays.com\/fr\/wp-json\/wp\/v2\/users\/2"}],"replies":[{"embeddable":true,"href":"https:\/\/www.europesays.com\/fr\/wp-json\/wp\/v2\/comments?post=455832"}],"version-history":[{"count":0,"href":"https:\/\/www.europesays.com\/fr\/wp-json\/wp\/v2\/posts\/455832\/revisions"}],"wp:featuredmedia":[{"embeddable":true,"href":"https:\/\/www.europesays.com\/fr\/wp-json\/wp\/v2\/media\/455833"}],"wp:attachment":[{"href":"https:\/\/www.europesays.com\/fr\/wp-json\/wp\/v2\/media?parent=455832"}],"wp:term":[{"taxonomy":"category","embeddable":true,"href":"https:\/\/www.europesays.com\/fr\/wp-json\/wp\/v2\/categories?post=455832"},{"taxonomy":"post_tag","embeddable":true,"href":"https:\/\/www.europesays.com\/fr\/wp-json\/wp\/v2\/tags?post=455832"}],"curies":[{"name":"wp","href":"https:\/\/api.w.org\/{rel}","templated":true}]}}