{"id":455836,"date":"2025-10-11T20:29:01","date_gmt":"2025-10-11T20:29:01","guid":{"rendered":"https:\/\/www.europesays.com\/fr\/455836\/"},"modified":"2025-10-11T20:29:01","modified_gmt":"2025-10-11T20:29:01","slug":"il-a-pris-les-fans-par-surprise-the-weeknd-annonce-de-nouvelles-dates-pour-sa-mega-tournee-dont-barcelone-paris-et-lille","status":"publish","type":"post","link":"https:\/\/www.europesays.com\/fr\/455836\/","title":{"rendered":"Il a pris les fans par surprise\u2026 The Weeknd annonce de nouvelles dates pour sa m\u00e9ga tourn\u00e9e dont Barcelone, Paris et Lille"},"content":{"rendered":"<p>\n                                                                La tourn\u00e9e \u00ab\u00a0After Hours Til Dawn\u00a0\u00bb de The Weeknd s\u2019\u00e9tend. De nouvelles dates incluent Lille et Barcelone, avec un concert \u00e0 Paris le 8\u00a0juillet 2026. Les fans europ\u00e9ens auront de quoi se r\u00e9jouir.\n                            <\/p>\n<p>L\u2019artiste The Weeknd avait fait fuiter un indice, ce mercredi soir dans les stories de ses r\u00e9seaux sociaux, sous la forme de photos de stades potentiellement concern\u00e9s par un ajout de dates de sa m\u00e9ga tourn\u00e9e \u00ab\u00a0After Hours Til Down\u00a0\u00bb.<\/p>\n<p>Et ce jeudi, \u00e0 16h, les fans \u00e9taient combl\u00e9s puisque le Canadien qui a collabor\u00e9 avec les plus grands de ce XXIe\u00a0si\u00e8cle a annonc\u00e9 de nouvelles dates dans six villes qui n\u2019\u00e9taient pas encore sur la liste de la tourn\u00e9e jusqu\u2019ici\u00a0: Copenhague, Manchester mais aussi Lille, Barcelone, Munich et Lisbonne.<\/p>\n<p>The Weeknd a \u00e9galement annonc\u00e9 une nouvelle\u00a0date\u00a0\u00e0 Paris.\u00a0Il donnera donc un 4e concert au Stade de France le 8\u00a0juillet 2026.<\/p>\n<p>Le chanteur canadien sera \u00e0 Barcelone le 1er\u00a0septembre 2026 pour un concert \u00e9v\u00e9nement au stade olympique Llu\u00eds Companys de Montjuic. Le concert \u00e0 la D\u00e9cathlon Arena de Lille aura lieu le 3\u00a0juillet.<\/p>\n<blockquote data-instgrm-captioned=\"\" data-instgrm-permalink=\"https:\/\/www.instagram.com\/p\/DPl1LY_DuTw\/?utm_source=ig_embed&amp;utm_campaign=loading\" data-instgrm-version=\"14\" style=\" background:#FFF; border:0; border-radius:3px; box-shadow:0 0 1px 0 rgba(0,0,0,0.5),0 1px 10px 0 rgba(0,0,0,0.15); margin: 1px; max-width:540px; min-width:326px; padding:0; width:99.375%; width:-webkit-calc(100% - 2px); width:calc(100% - 2px);\" data-class=\"instagram-media\"\/>\n<p>Lorsque la mise en vente avait \u00e9t\u00e9 ouverte, les billets pour les premi\u00e8res dates de tourn\u00e9e s\u2019\u00e9taient arrach\u00e9es en quelques heures partout en Europe.<\/p>\n<p>A noter que la tourn\u00e9e devait d\u00e9buter au Stade de France le 10\u00a0juillet. Elle d\u00e9butera finalement un mois plus t\u00f4t, le 11\u00a0juin \u00e0 Manchester.<\/p>\n<p>La tourn\u00e9e europ\u00e9enne s\u2019ach\u00e8vera par les deux concerts \u00e0 Barcelone et Lisbonne qui arriveront juste apr\u00e8s les trois concerts d\u00e9j\u00e0 complets du Metropolitano Stadium de Madrid.<\/p>\n<p>                                                                                                                                                                                                        <script async src=\"\/\/www.instagram.com\/embed.js\"><\/script><\/p>\n","protected":false},"excerpt":{"rendered":"La tourn\u00e9e \u00ab\u00a0After Hours Til Dawn\u00a0\u00bb de The Weeknd s\u2019\u00e9tend. De nouvelles dates incluent Lille et Barcelone, avec&hellip;\n","protected":false},"author":2,"featured_media":455837,"comment_status":"","ping_status":"","sticky":false,"template":"","format":"standard","meta":{"footnotes":""},"categories":[2815],"tags":[1111,11,1777,674,1011,27,811,1307,12,25],"class_list":{"0":"post-455836","1":"post","2":"type-post","3":"status-publish","4":"format-standard","5":"has-post-thumbnail","7":"category-lille","8":"tag-actu","9":"tag-actualites","10":"tag-eu","11":"tag-europe","12":"tag-fr","13":"tag-france","14":"tag-hauts-de-france","15":"tag-lille","16":"tag-news","17":"tag-republique-francaise"},"share_on_mastodon":{"url":"https:\/\/pubeurope.com\/@fr\/115357428183508289","error":""},"_links":{"self":[{"href":"https:\/\/www.europesays.com\/fr\/wp-json\/wp\/v2\/posts\/455836","targetHints":{"allow":["GET"]}}],"collection":[{"href":"https:\/\/www.europesays.com\/fr\/wp-json\/wp\/v2\/posts"}],"about":[{"href":"https:\/\/www.europesays.com\/fr\/wp-json\/wp\/v2\/types\/post"}],"author":[{"embeddable":true,"href":"https:\/\/www.europesays.com\/fr\/wp-json\/wp\/v2\/users\/2"}],"replies":[{"embeddable":true,"href":"https:\/\/www.europesays.com\/fr\/wp-json\/wp\/v2\/comments?post=455836"}],"version-history":[{"count":0,"href":"https:\/\/www.europesays.com\/fr\/wp-json\/wp\/v2\/posts\/455836\/revisions"}],"wp:featuredmedia":[{"embeddable":true,"href":"https:\/\/www.europesays.com\/fr\/wp-json\/wp\/v2\/media\/455837"}],"wp:attachment":[{"href":"https:\/\/www.europesays.com\/fr\/wp-json\/wp\/v2\/media?parent=455836"}],"wp:term":[{"taxonomy":"category","embeddable":true,"href":"https:\/\/www.europesays.com\/fr\/wp-json\/wp\/v2\/categories?post=455836"},{"taxonomy":"post_tag","embeddable":true,"href":"https:\/\/www.europesays.com\/fr\/wp-json\/wp\/v2\/tags?post=455836"}],"curies":[{"name":"wp","href":"https:\/\/api.w.org\/{rel}","templated":true}]}}