{"id":455838,"date":"2025-10-11T20:30:36","date_gmt":"2025-10-11T20:30:36","guid":{"rendered":"https:\/\/www.europesays.com\/fr\/455838\/"},"modified":"2025-10-11T20:30:36","modified_gmt":"2025-10-11T20:30:36","slug":"forum-daix-marseille-des-groupes-internationaux-progression-economique-fulgurante-pour-la-metropole","status":"publish","type":"post","link":"https:\/\/www.europesays.com\/fr\/455838\/","title":{"rendered":"Forum d&rsquo;Aix-Marseille des groupes internationaux. Progression \u00e9conomique fulgurante pour la m\u00e9tropole"},"content":{"rendered":"<p>La petite musique commence \u00e0 se faire entendre : c\u2019est \u00e0 Marseille qu\u2019il faut investir. Le 4e forum d\u2019Aix-Marseille des groupes internationaux, organis\u00e9 par Provence Promotion, l\u2019a confirm\u00e9. Nombreux sont ceux qui misent sur la ville et sa p\u00e9riph\u00e9rie dans tous les domaines, qu\u2019ils touchent l\u2019industrie ou l\u2019IA.<br \/>\n<img fetchpriority=\"high\" decoding=\"async\" class=\"size-large wp-image-110100\" src=\"https:\/\/www.europesays.com\/fr\/wp-content\/uploads\/2025\/10\/IMG-20251007-WA0010-1024x768.jpg\" alt=\"Destimed IMG 20251007 WA0010\" width=\"1024\" height=\"768\"  \/>Un ar\u00e9opage de chefs d\u2019entreprise, de d\u00e9cideurs et d\u2019experts a particip\u00e9 au 4e forum d\u2019Aix-Marseille des groupes internationaux (Photo Jo\u00ebl Barcy)<br \/>\nIl y a un Momentum<\/p>\n<p>Le barom\u00e8tre du cabinet d\u2019audit EY confirme l\u2019attrait de la m\u00e9tropole. Pas de doute, il y un Momentum que tout le monde commence \u00e0 voir. AMP se situe juste derri\u00e8re Lyon pour les investissements directs \u00e9trangers. La M\u00e9tropole est pass\u00e9e de 6e \u00e0 la 3e place. \u00ab La progression est fulgurante, constate Marc Lhermitte, associ\u00e9 chez EY. On a d\u00e9couvert qu\u2019il y avait beaucoup de projets, une d\u00e9mographie tr\u00e8s favorable et surtout de tr\u00e8s grandes entreprises leader dans leur secteur qui ont r\u00e9investi sur le territoire en se diversifiant. CMA-CGM qui est devenu un groupe de m\u00e9dias incontournable. Pernod Ricard qui est revenu r\u00e9investir et faire beaucoup de choses, Airbus qui a consolid\u00e9 son leadership dans la r\u00e9gion et tout ce qui se passe autour de la chimie et des nouvelles \u00e9nergies\u00a0 dans le p\u00e9rim\u00e8tre de Fos. Et tout cela se voit.\u00a0 Et, c\u2019est sans doute l\u2019une des rares m\u00e9tropoles en France o\u00f9 on a encore un espace alors que d\u2019autres ont fait le plein. \u00bb<\/p>\n<p>Un encouragement<\/p>\n<p>\u00ab Tous ces chiffres ne sont pas vraiment une surprise mais ils sont encourageants, analyse Jean-Luc chauvin, pr\u00e9sident de la CCI Aix-Marseille Provence et de Provence Promotion. Ils incitent \u00e0 acc\u00e9l\u00e9rer pour devenir la deuxi\u00e8me capitale de France en mati\u00e8re de d\u00e9veloppement \u00e9conomique. Ce n\u2019est pas un hasard, c\u2019est gr\u00e2ce \u00e0 nos grandes infrastructures de transport, c\u2019est gr\u00e2ce \u00e0 nos infrastructures num\u00e9riques, nos data centers que l\u2019on peut obtenir cette place. \u00bb<\/p>\n<p>Une attractivit\u00e9 forte<\/p>\n<p>On ne le per\u00e7oit pas toujours mais lorsqu\u2019on vient de l\u2019ext\u00e9rieur, on se rend compte de la profonde \u00e9volution de la ville et de la m\u00e9tropole ces 15 derni\u00e8res ann\u00e9es. C\u2019est ce qui a incit\u00e9 Plug &amp; Play, l\u2019acc\u00e9l\u00e9rateur de start-up de la Silicon valley \u00e0 poser ses valises \u00e0 Marseille. \u00ab On voit qu\u2019il y a de l\u2019attractivit\u00e9, note Fran\u00e7ois Hoehlinger, senior director de Plug &amp; Play France. On voit qu\u2019il y a des universit\u00e9s de pointe, des grandes \u00e9coles et des incubateurs qui sont en train de<br \/>se mettre en place et aujourd\u2019hui c\u2019est un \u00e9cosyst\u00e8me que Plug &amp; Play juge favorable pour d\u00e9velopper la partie \u00e9ducationnelle avec les start-up et le partenariat avec les grosses PME qui peuvent exister sur le bassin. \u00bb Au-del\u00e0 la soci\u00e9t\u00e9 mesure aussi l\u2019importance de la situation g\u00e9ographique de Marseille avec sa porte sur l\u2019Afrique. \u00ab Aujourd\u2019hui, on souhaiterait faire de la ville une terre d\u2019atterrissage pour les start-up tr\u00e8s prometteuses africaines et qui voudraient se d\u00e9velopper sur le continent europ\u00e9en. \u00bb<\/p>\n<p>L\u2019IA source de productivit\u00e9<\/p>\n<p>Ce forum est aussi l\u2019occasion de d\u00e9crypter les \u00e9volutions \u00e9conomiques \u00e0 venir avec cet ar\u00e9opage de chefs d\u2019entreprise, de d\u00e9cideurs et d\u2019experts. Pour le groupe Siemens, un des leaders en mati\u00e8re de brevets touchant l\u2019intelligence artificielle, la croissance \u00e9conomique passera in\u00e9vitablement par l\u2019IA. \u00ab Elle va permettre de booster la productivit\u00e9. Par exemple dans la maintenance pr\u00e9dictive, assure Doris Birkhofer, pr\u00e9sidente de Siemens France. Vous avez des outils, des copilotes industriels qui peuvent aider les op\u00e9rateurs de machines \u00e0 d\u00e9tecter des pannes ou des fautes avant que la panne arrive et cela vous permet de r\u00e9duire de mani\u00e8re significative les co\u00fbts et nous avons par exemple chez Siemens d\u00e9j\u00e0 des solutions qui peuvent aider les petites et grandes entreprises.\u00bb<\/p>\n<p><strong>Reportage Jo\u00ebl\u00a0 BARCY<\/strong><\/p>\n","protected":false},"excerpt":{"rendered":"La petite musique commence \u00e0 se faire entendre : c\u2019est \u00e0 Marseille qu\u2019il faut investir. Le 4e forum&hellip;\n","protected":false},"author":2,"featured_media":455839,"comment_status":"","ping_status":"","sticky":false,"template":"","format":"standard","meta":{"footnotes":""},"categories":[2814],"tags":[1111,11,1777,674,1011,27,884,12,882,25],"class_list":{"0":"post-455838","1":"post","2":"type-post","3":"status-publish","4":"format-standard","5":"has-post-thumbnail","7":"category-marseille","8":"tag-actu","9":"tag-actualites","10":"tag-eu","11":"tag-europe","12":"tag-fr","13":"tag-france","14":"tag-marseille","15":"tag-news","16":"tag-provence-alpes-cote-dazur","17":"tag-republique-francaise"},"share_on_mastodon":{"url":"https:\/\/pubeurope.com\/@fr\/115357432926709066","error":""},"_links":{"self":[{"href":"https:\/\/www.europesays.com\/fr\/wp-json\/wp\/v2\/posts\/455838","targetHints":{"allow":["GET"]}}],"collection":[{"href":"https:\/\/www.europesays.com\/fr\/wp-json\/wp\/v2\/posts"}],"about":[{"href":"https:\/\/www.europesays.com\/fr\/wp-json\/wp\/v2\/types\/post"}],"author":[{"embeddable":true,"href":"https:\/\/www.europesays.com\/fr\/wp-json\/wp\/v2\/users\/2"}],"replies":[{"embeddable":true,"href":"https:\/\/www.europesays.com\/fr\/wp-json\/wp\/v2\/comments?post=455838"}],"version-history":[{"count":0,"href":"https:\/\/www.europesays.com\/fr\/wp-json\/wp\/v2\/posts\/455838\/revisions"}],"wp:featuredmedia":[{"embeddable":true,"href":"https:\/\/www.europesays.com\/fr\/wp-json\/wp\/v2\/media\/455839"}],"wp:attachment":[{"href":"https:\/\/www.europesays.com\/fr\/wp-json\/wp\/v2\/media?parent=455838"}],"wp:term":[{"taxonomy":"category","embeddable":true,"href":"https:\/\/www.europesays.com\/fr\/wp-json\/wp\/v2\/categories?post=455838"},{"taxonomy":"post_tag","embeddable":true,"href":"https:\/\/www.europesays.com\/fr\/wp-json\/wp\/v2\/tags?post=455838"}],"curies":[{"name":"wp","href":"https:\/\/api.w.org\/{rel}","templated":true}]}}