{"id":455842,"date":"2025-10-11T20:32:26","date_gmt":"2025-10-11T20:32:26","guid":{"rendered":"https:\/\/www.europesays.com\/fr\/455842\/"},"modified":"2025-10-11T20:32:26","modified_gmt":"2025-10-11T20:32:26","slug":"une-pluie-de-stars-sur-le-tapis-rouge-photos","status":"publish","type":"post","link":"https:\/\/www.europesays.com\/fr\/455842\/","title":{"rendered":"une pluie de stars sur le tapis rouge (PHOTOS)"},"content":{"rendered":"<p itemprop=\"description\"><strong>Le coup de l\u2019envoi de l\u2019\u00e9v\u00e8nement a \u00e9t\u00e9 donn\u00e9 ce samedi soir.<\/strong><\/p>\n<p>Il y avait du beau monde ce samedi soir \u00e0 la Halle Tony Garnier pour l\u2019ouverture de l\u2019\u00e9dition 2025 du Festival Lumi\u00e8re. Tapis rouge oblige, de nombreuses personnalit\u00e9s du monde du cin\u00e9ma \u00e9taient pr\u00e9sentes pour l\u2019occasion : <strong>Sean Penn<\/strong>, <strong>Dominique Blanc<\/strong>, <strong>Shu Qi<\/strong>, <strong>Sabine Az\u00e9ma<\/strong>, <strong>Franck Dubosc<\/strong>, <strong>Kad Merad<\/strong>, <strong>Jeremy Allen White<\/strong>, <strong>Scott Cooper<\/strong>, <strong>Nadia Tereszkiewicz<\/strong>, <strong>Manu Payet<\/strong>, <strong>Laurent Gerra<\/strong>\u2026\u00a0<\/p>\n<p>Tous ont ouvert cette nouvelle \u00e9dition du Festival Lumi\u00e8re par la tradition de la phrase prononc\u00e9e sur sc\u00e8ne : \u00ab\u00a0Nous d\u00e9clarons Lumi\u00e8re 2025 le festival de cin\u00e9ma de Lyon et de la m\u00e9tropole de Lyon ouvert\u00a0\u00bb. L&rsquo;\u00e9v\u00e8nement va se poursuivre jusqu&rsquo;au dimanche 19 octobre avec d&rsquo;autres personnalit\u00e9s attendues \u00e0 l&rsquo;exemple de l&rsquo;actrice <strong>Natalie Portman<\/strong> ou encore du r\u00e9alisateur am\u00e9ricain <strong>Michael Mann<\/strong>, Prix Lumi\u00e8re de cette \u00e9dition 2025.<\/p>\n<p style=\"text-align: center;\"><strong>D\u00e9couvrez notre diaporama\u00a0<\/strong><\/p>\n<p style=\"text-align: center;\"><strong><img loading=\"lazy\" decoding=\"async\" src=\"https:\/\/www.europesays.com\/fr\/wp-content\/uploads\/2025\/10\/irene-jacob-49456.jpg\" alt=\"\" width=\"500\" height=\"375\"\/><\/strong><\/p>\n<p style=\"text-align: center;\"><strong><img loading=\"lazy\" decoding=\"async\" src=\"https:\/\/www.europesays.com\/fr\/wp-content\/uploads\/2025\/10\/sabine-azema-24159.jpg\" alt=\"\" width=\"500\" height=\"375\"\/><\/strong><\/p>\n<p style=\"text-align: center;\"><strong><img loading=\"lazy\" decoding=\"async\" src=\"https:\/\/www.europesays.com\/fr\/wp-content\/uploads\/2025\/10\/manu-payet-5508.jpg\" alt=\"\" width=\"500\" height=\"375\"\/><\/strong><\/p>\n<p style=\"text-align: center;\"><strong><img loading=\"lazy\" decoding=\"async\" src=\"https:\/\/www.europesays.com\/fr\/wp-content\/uploads\/2025\/10\/shu-qi-36344.jpg\" alt=\"\" width=\"500\" height=\"375\"\/><\/strong><\/p>\n<p style=\"text-align: center;\"><strong><img loading=\"lazy\" decoding=\"async\" src=\"https:\/\/www.europesays.com\/fr\/wp-content\/uploads\/2025\/10\/dominique-blanc-15031.jpg\" alt=\"\" width=\"500\" height=\"375\"\/><\/strong><\/p>\n<p style=\"text-align: center;\"><img loading=\"lazy\" decoding=\"async\" src=\"https:\/\/www.europesays.com\/fr\/wp-content\/uploads\/2025\/10\/penn-fremeaux-61422.jpg\" alt=\"\" width=\"500\" height=\"375\"\/><\/p>\n<p style=\"text-align: center;\"><img loading=\"lazy\" decoding=\"async\" src=\"https:\/\/www.europesays.com\/fr\/wp-content\/uploads\/2025\/10\/anne-le-ny-33989.jpg\" alt=\"\" width=\"500\" height=\"375\"\/><\/p>\n<p style=\"text-align: center;\"><img loading=\"lazy\" decoding=\"async\" src=\"https:\/\/www.europesays.com\/fr\/wp-content\/uploads\/2025\/10\/dubosc-1306.jpg\" alt=\"\" width=\"500\" height=\"375\"\/><\/p>\n<p style=\"text-align: center;\"><img loading=\"lazy\" decoding=\"async\" src=\"https:\/\/www.europesays.com\/fr\/wp-content\/uploads\/2025\/10\/allen-cooper-35601.jpg\" alt=\"\" width=\"500\" height=\"375\"\/><\/p>\n<p style=\"text-align: center;\"><img loading=\"lazy\" decoding=\"async\" src=\"https:\/\/www.europesays.com\/fr\/wp-content\/uploads\/2025\/10\/nadia-teres-39437.jpg\" alt=\"\" width=\"500\" height=\"375\"\/><\/p>\n<p style=\"text-align: center;\"><img loading=\"lazy\" decoding=\"async\" src=\"https:\/\/www.europesays.com\/fr\/wp-content\/uploads\/2025\/10\/julia-vignali-65875.jpg\" alt=\"\" width=\"500\" height=\"375\"\/><\/p>\n<p style=\"text-align: center;\"><img loading=\"lazy\" decoding=\"async\" src=\"https:\/\/www.europesays.com\/fr\/wp-content\/uploads\/2025\/10\/new-kad-merad-33314.jpg\" alt=\"\" width=\"500\" height=\"375\"\/><\/p>\n<p style=\"text-align: center;\"><img loading=\"lazy\" decoding=\"async\" src=\"https:\/\/www.europesays.com\/fr\/wp-content\/uploads\/2025\/10\/gerra-45106.jpg\" alt=\"\" width=\"500\" height=\"375\"\/><\/p>\n<p style=\"text-align: center;\"><img loading=\"lazy\" decoding=\"async\" src=\"https:\/\/www.europesays.com\/fr\/wp-content\/uploads\/2025\/10\/groupe1-62518.jpg\" alt=\"\" width=\"500\" height=\"375\"\/><\/p>\n<p style=\"text-align: center;\"><img loading=\"lazy\" decoding=\"async\" src=\"https:\/\/www.europesays.com\/fr\/wp-content\/uploads\/2025\/10\/groupe2-77152.jpg\" alt=\"\" width=\"500\" height=\"375\"\/><\/p>\n<p style=\"text-align: center;\"><img loading=\"lazy\" decoding=\"async\" src=\"https:\/\/www.europesays.com\/fr\/wp-content\/uploads\/2025\/10\/groupe3-50712.jpg\" alt=\"\" width=\"500\" height=\"375\"\/><\/p>\n<p style=\"text-align: center;\"><img loading=\"lazy\" decoding=\"async\" src=\"https:\/\/www.europesays.com\/fr\/wp-content\/uploads\/2025\/10\/fin-diapo-71204.jpg\" alt=\"\" width=\"500\" height=\"375\"\/><\/p>\n","protected":false},"excerpt":{"rendered":"Le coup de l\u2019envoi de l\u2019\u00e9v\u00e8nement a \u00e9t\u00e9 donn\u00e9 ce samedi soir. Il y avait du beau monde&hellip;\n","protected":false},"author":2,"featured_media":455843,"comment_status":"","ping_status":"","sticky":false,"template":"","format":"standard","meta":{"footnotes":""},"categories":[1889],"tags":[1111,11,2813,2190,2430,1109,251,1112,2811,1777,674,118,1294,4651,1011,27,1922,1110,1114,2428,4903,4902,12,241,316,25,2812,517,800],"class_list":{"0":"post-455842","1":"post","2":"type-post","3":"status-publish","4":"format-standard","5":"has-post-thumbnail","7":"category-lyon","8":"tag-actu","9":"tag-actualites","10":"tag-article","11":"tag-asvel","12":"tag-auvergne-rhone-alpes","13":"tag-breves","14":"tag-culture","15":"tag-depeches","16":"tag-economique","17":"tag-eu","18":"tag-europe","19":"tag-faits-divers","20":"tag-femme","21":"tag-femmes","22":"tag-fr","23":"tag-france","24":"tag-info","25":"tag-informations","26":"tag-infos","27":"tag-lyon","28":"tag-lyonfemme","29":"tag-lyonfemmes","30":"tag-news","31":"tag-ol","32":"tag-politique","33":"tag-republique-francaise","34":"tag-sociale","35":"tag-sport","36":"tag-transports"},"share_on_mastodon":{"url":"https:\/\/pubeurope.com\/@fr\/115357441265992465","error":""},"_links":{"self":[{"href":"https:\/\/www.europesays.com\/fr\/wp-json\/wp\/v2\/posts\/455842","targetHints":{"allow":["GET"]}}],"collection":[{"href":"https:\/\/www.europesays.com\/fr\/wp-json\/wp\/v2\/posts"}],"about":[{"href":"https:\/\/www.europesays.com\/fr\/wp-json\/wp\/v2\/types\/post"}],"author":[{"embeddable":true,"href":"https:\/\/www.europesays.com\/fr\/wp-json\/wp\/v2\/users\/2"}],"replies":[{"embeddable":true,"href":"https:\/\/www.europesays.com\/fr\/wp-json\/wp\/v2\/comments?post=455842"}],"version-history":[{"count":0,"href":"https:\/\/www.europesays.com\/fr\/wp-json\/wp\/v2\/posts\/455842\/revisions"}],"wp:featuredmedia":[{"embeddable":true,"href":"https:\/\/www.europesays.com\/fr\/wp-json\/wp\/v2\/media\/455843"}],"wp:attachment":[{"href":"https:\/\/www.europesays.com\/fr\/wp-json\/wp\/v2\/media?parent=455842"}],"wp:term":[{"taxonomy":"category","embeddable":true,"href":"https:\/\/www.europesays.com\/fr\/wp-json\/wp\/v2\/categories?post=455842"},{"taxonomy":"post_tag","embeddable":true,"href":"https:\/\/www.europesays.com\/fr\/wp-json\/wp\/v2\/tags?post=455842"}],"curies":[{"name":"wp","href":"https:\/\/api.w.org\/{rel}","templated":true}]}}