{"id":455846,"date":"2025-10-11T20:35:13","date_gmt":"2025-10-11T20:35:13","guid":{"rendered":"https:\/\/www.europesays.com\/fr\/455846\/"},"modified":"2025-10-11T20:35:13","modified_gmt":"2025-10-11T20:35:13","slug":"coupe-de-france-les-resultats-du-5eme-tour-a-paris-ile-de-france","status":"publish","type":"post","link":"https:\/\/www.europesays.com\/fr\/455846\/","title":{"rendered":"Coupe de France. Les r\u00e9sultats du 5\u00e8me tour \u00e0 Paris Ile-de-France"},"content":{"rendered":"<p><img loading=\"lazy\" decoding=\"async\" width=\"696\" height=\"423\" class=\"lazyload entry-thumb\" src=\"https:\/\/www.europesays.com\/fr\/wp-content\/uploads\/2025\/10\/National-J5-Villefranche-Fleury-3-1-696x423.jpg\" alt=\"National J5 Villefranche-sur-Sa\u00f4ne - Fleury-M\u00e9rogis (Photo Laurent Barou)\" title=\"National J5 Villefranche-sur-Sa\u00f4ne - Fleury-M\u00e9rogis 3\"\/>National J5 Villefranche-sur-Sa\u00f4ne &#8211; Fleury-M\u00e9rogis (Photo Laurent Barou)<\/p>\n<p style=\"font-size:20px\"><strong>D\u00e9couvrez les r\u00e9sultats complets du 5\u00e8me tour de la coupe de France pour la Ligue Paris Ile de France. Les rencontres ont lieu ces samedi 11 et dimanche 12 octobre 2025.<\/strong><\/p>\n<p><strong>Les r\u00e9sultats du 5\u00e8me tour de la coupe de France \u00e0 Paris Ile de France<\/strong><\/p>\n<p><strong>Samedi 11 octobre 2025<\/strong><br \/><strong>18 heures<\/strong><br \/><strong>ESA Linas Montlh\u00e9ry (N3) <\/strong>\u2013 FC Montrouge (R1)\u00a0: 6-1<br \/><strong>US Ivry Football (N3)\u00a0<\/strong>\u2013 FC Versailles78 (National) : 1-0<br \/>Sainte-Genevi\u00e8ve-des-Bois FC (N3)\u00a0\u2013 <strong>FC Mantois 78 (R1) <\/strong>: 1-1 (3 tab \u00e0 4)<\/p>\n<p><strong>Dimanche 12 octobre 2025<\/strong><br \/><strong>14h30<\/strong><br \/>FC Montfermeil (R2) \u2013 FC93 Bobigny Bagnolet Gagny (N2)\u00a0<br \/>RC 78 Neauphle Pontchartrain (R3) \u2013 US Cr\u00e9teil Lusitanos (N2)<br \/>Atletico Bagnolet (D1) \u2013 Racing CFF (N3)\u00a0<br \/>US Torcy (N3)\u00a0 \u2013 CS Br\u00e9tigny Football (N3)\u00a0<br \/>ES Colombienne Foot (R1)\u00a0\u2013 US S\u00e9nart Moissy (R2)\u00a0<br \/>COM Bagneux (R3)\u00a0 \u2013 AAS Sarcelles (R1)\u00a0<br \/>CA Vitry-sur-Seine (R2) \u2013 Montreuil-sous-Bois FC (R1)\u00a0<br \/>AS Plaine Victoire (D3) \u2013 Mitry Compans Goelly (R2)<\/p>\n<p><strong>&gt;&gt;&gt; A lire aussi\u2026<br \/><a href=\"https:\/\/footamateur.ouest-france.fr\/categories\/coupe-de-france-de-football\/\" target=\"_blank\" rel=\"noreferrer noopener nofollow\">Retrouvez tous les programmes du 5\u00e8me tour Ligue par Ligue !<\/a><\/strong><\/p>\n<p>Amicale Villeneuve-la-Garenne (R2)\u00a0\u2013 ES Sartrouville (R2)<br \/>Cergy Pontoise FC (R2)\u00a0\u2013 Houilles AC (R1)\u00a0<br \/>Olympique Adamois (R2) \u2013 FC Fleury 91 (National)<br \/>AS Ararat Issy-les-Moulineaux (R3)\u00a0\u2013 FC Melun (R1)\u00a0<br \/>ES Herblay (D1) \u2013 FCM Aubervilliers\u00a0(N3)\u00a0<br \/>Etoile Bobigny (D1) -CO Les Ulis (R1)\u00a0<br \/>LSO Colombes (D1)\u00a0\u2013 Saint-Michel FC 91 (R3)<br \/>FC Longjumeau (D2) \u2013 FC Argenteuil (R3)\u00a0<\/p>\n<p><strong>15 heures<\/strong><br \/>ASF Le Perreux-sur-Marne (R2) \u2013 Paris 13 Atletico (National)<\/p>\n<p><strong>15h30<\/strong><br \/>Villemomble Sports (R2)\u00a0\u2013 US Saint-Maur Lusitanos (N2)\u00a0<br \/>AC Paris 15 (R2) \u2013 JA Drancy (N3)\u00a0<\/p>\n<p><a href=\"https:\/\/footamateur.ouest-france.fr\/author\/fred\/\" class=\"url\" title=\"Fr\u00e9d\u00e9ric Sougey\" rel=\"nofollow noopener\" target=\"_blank\"> <img decoding=\"async\" src=\"https:\/\/www.europesays.com\/fr\/wp-content\/uploads\/2025\/04\/gnlpcfya_400x400.jpg\" class=\"lazyload photo\" width=\"250\" alt=\"Fr\u00e9d\u00e9ric Sougey\"\/><\/a><\/p>\n<p>Journaliste chez Sports M\u00e9dia<\/p>\n<p>Elev\u00e9 au c\u0153ur des Alpes, Fred quitte (temporairement) son Grenoble ador\u00e9 pour pr\u00eater sa plume et son regard au monde amateur et plus particuli\u00e8rement au Championnat National dont il est un assidu observateur. Fan de tartiflette, de Karim Mokeddem et de Mulholland Drive. Les bonnes choses de la vie, en somme.<\/p>\n<p><a href=\"https:\/\/footamateur.ouest-france.fr\/author\/fred\/\" class=\"url\" title=\"Fr\u00e9d\u00e9ric Sougey\" rel=\"nofollow noopener\" target=\"_blank\"><img decoding=\"async\" src=\"https:\/\/www.europesays.com\/fr\/wp-content\/uploads\/2025\/04\/gnlpcfya_400x400.jpg\" class=\"lazyload photo\" width=\"250\" alt=\"Fr\u00e9d\u00e9ric Sougey\"\/><\/a>Les derniers articles par Fr\u00e9d\u00e9ric Sougey (<a href=\"https:\/\/footamateur.ouest-france.fr\/author\/fred\/\" rel=\"nofollow noopener\" target=\"_blank\">tout voir<\/a>)<\/p>\n","protected":false},"excerpt":{"rendered":"National J5 Villefranche-sur-Sa\u00f4ne &#8211; Fleury-M\u00e9rogis (Photo Laurent Barou) D\u00e9couvrez les r\u00e9sultats complets du 5\u00e8me tour de la coupe&hellip;\n","protected":false},"author":2,"featured_media":455847,"comment_status":"","ping_status":"","sticky":false,"template":"","format":"standard","meta":{"footnotes":""},"categories":[1592],"tags":[1111,11,1777,674,1011,27,662,12,626,25],"class_list":{"0":"post-455846","1":"post","2":"type-post","3":"status-publish","4":"format-standard","5":"has-post-thumbnail","7":"category-ile-de-france","8":"tag-actu","9":"tag-actualites","10":"tag-eu","11":"tag-europe","12":"tag-fr","13":"tag-france","14":"tag-ile-de-france","15":"tag-news","16":"tag-paris","17":"tag-republique-francaise"},"share_on_mastodon":{"url":"https:\/\/pubeurope.com\/@fr\/115357452493974100","error":""},"_links":{"self":[{"href":"https:\/\/www.europesays.com\/fr\/wp-json\/wp\/v2\/posts\/455846","targetHints":{"allow":["GET"]}}],"collection":[{"href":"https:\/\/www.europesays.com\/fr\/wp-json\/wp\/v2\/posts"}],"about":[{"href":"https:\/\/www.europesays.com\/fr\/wp-json\/wp\/v2\/types\/post"}],"author":[{"embeddable":true,"href":"https:\/\/www.europesays.com\/fr\/wp-json\/wp\/v2\/users\/2"}],"replies":[{"embeddable":true,"href":"https:\/\/www.europesays.com\/fr\/wp-json\/wp\/v2\/comments?post=455846"}],"version-history":[{"count":0,"href":"https:\/\/www.europesays.com\/fr\/wp-json\/wp\/v2\/posts\/455846\/revisions"}],"wp:featuredmedia":[{"embeddable":true,"href":"https:\/\/www.europesays.com\/fr\/wp-json\/wp\/v2\/media\/455847"}],"wp:attachment":[{"href":"https:\/\/www.europesays.com\/fr\/wp-json\/wp\/v2\/media?parent=455846"}],"wp:term":[{"taxonomy":"category","embeddable":true,"href":"https:\/\/www.europesays.com\/fr\/wp-json\/wp\/v2\/categories?post=455846"},{"taxonomy":"post_tag","embeddable":true,"href":"https:\/\/www.europesays.com\/fr\/wp-json\/wp\/v2\/tags?post=455846"}],"curies":[{"name":"wp","href":"https:\/\/api.w.org\/{rel}","templated":true}]}}