{"id":455848,"date":"2025-10-11T20:36:21","date_gmt":"2025-10-11T20:36:21","guid":{"rendered":"https:\/\/www.europesays.com\/fr\/455848\/"},"modified":"2025-10-11T20:36:21","modified_gmt":"2025-10-11T20:36:21","slug":"que-va-decider-le-gouvernement","status":"publish","type":"post","link":"https:\/\/www.europesays.com\/fr\/455848\/","title":{"rendered":"que va d\u00e9cider le gouvernement ?\u00a0"},"content":{"rendered":"<p>      lire plus tard<\/p>\n<p id=\"dialog__title\" class=\"dialog__title\">Pour sauvegarder cet article, connectez-vous ou cr\u00e9ez un compte franceinfo<\/p>\n<p class=\"dialog__description\">Sans paiement. Sans abonnement.<\/p>\n<p>        Fermer la fen\u00eatre d\u2019activation des notifications France Info<\/p>\n<p>      cr\u00e9er votre compte<\/p>\n<p>      se connecter<\/p>\n<p>        Fermer la fen\u00eatre de pr\u00e9sentation<\/p>\n<p>    Publi\u00e9 le 11\/10\/2025 20:34<\/p>\n<p>        Temps de lecture : 2min &#8211; vid\u00e9o : 2min<\/p>\n<p>    <img decoding=\"async\" class=\"francetv-player-wrapper__image\" alt=\"R\u00e9forme des retraites : que va d\u00e9cider le gouvernement ?\"  width=\"432\" height=\"243\" src=\"https:\/\/www.europesays.com\/fr\/wp-content\/uploads\/2025\/10\/dcdckndsjcnv-68eaa30212fe7110983808.jpg\" fetchpriority=\"high\"\/><\/p>\n<p>              R\u00e9forme des retraites : que va d\u00e9cider le gouvernement ?<br \/>\n                    (France 2)<\/p>\n<p>      2min<\/p>\n<p>\n  La r\u00e9forme des retraites refait surface au c\u0153ur des n\u00e9gociations politiques. Entre suspension temporaire, maintien du cap ou abrogation totale, majorit\u00e9 et opposition s\u2019affrontent \u00e0 nouveau sur un dossier explosif, alors que l\u2019ex\u00e9cutif cherche \u00e0 \u00e9viter une nouvelle crise sociale \u00e0 l\u2019approche de l&rsquo;\u00e9lection pr\u00e9sidentielle de 2027.\n<\/p>\n<p><strong>Ce texte correspond \u00e0 une partie de la retranscription du reportage ci-dessus. Cliquez sur la vid\u00e9o pour la regarder dans son int\u00e9gralit\u00e9.<\/strong><\/p>\n<p>C&rsquo;est le dossier qui revient tout en haut de la pile sur la table des n\u00e9gociations, le sujet dont tout le monde parle ce 11 octobre :<a href=\"https:\/\/www.franceinfo.fr\/politique\/emmanuel-macron\/crise-politique-la-gauche-affirme-qu-emmanuel-macron-a-propose-de-reculer-la-mise-en-uvre-de-la-reforme-des-retraites_7544716.html\" data-tooltip-url=\"https:\/\/www.franceinfo.fr\/politique\/emmanuel-macron\/crise-politique-la-gauche-affirme-qu-emmanuel-macron-a-propose-de-reculer-la-mise-en-uvre-de-la-reforme-des-retraites_7544716.html\" rel=\"nofollow noopener\" target=\"_blank\"> la r\u00e9forme des retraites<\/a>.<\/p>\n<p>Pour ne pas censurer le gouvernement, le Parti socialiste exige une suspension de la r\u00e9forme. L&rsquo;\u00e2ge l\u00e9gal, qui devait progressivement grimper \u00e0 64 ans, serait arr\u00eat\u00e9 pour tous \u00e0 62 ans et 9 mois, \u00e0 condition d&rsquo;avoir tous ses trimestres. Une solution qui ne convient pas \u00e0 Olivier Faure, premier secr\u00e9taire du Parti socialiste : \u00ab\u00a0Nous avons demand\u00e9 la suspension de la r\u00e9forme des retraites, \u00e0 la fois de l&rsquo;\u00e2ge l\u00e9gal et du nombre de trimestres cotis\u00e9s. Pour l&rsquo;instant, nous n&rsquo;avons re\u00e7u aucune r\u00e9ponse.\u00a0\u00bb<\/p>\n<p>L\u2019id\u00e9e d\u2019Emmanuel Macron est un simple d\u00e9calage de la r\u00e9forme : une pause sur l&rsquo;\u00e2ge de d\u00e9part jusqu&rsquo;\u00e0 la pr\u00e9sidentielle de 2027. En revanche, aucun geste n\u2019est pr\u00e9vu sur la dur\u00e9e de cotisation, qui augmenterait progressivement \u00e0 43 ans, comme le pr\u00e9voit le texte initial. Une solution qui co\u00fbterait plusieurs centaines de millions d\u2019euros \u00e0 l\u2019\u00c9tat d\u00e8s l\u2019an prochain, selon certains \u00e9conomistes.<\/p>\n<p>St\u00e9phanie Villers, conseill\u00e8re \u00e9conomique chez PwC, pr\u00e9cise : \u00ab\u00a0On peut consid\u00e9rer que cette suspension de la retraite co\u00fbtera moins cher \u00e0 l&rsquo;\u00e9conomie fran\u00e7aise que si on poursuit cette instabilit\u00e9 politique qui d\u00e9clenche de l&rsquo;incertitude tant pour les m\u00e9nages que pour les entreprises. Et \u00e7a, \u00e7a a un co\u00fbt r\u00e9el beaucoup plus important sur l&rsquo;\u00e9conomie fran\u00e7aise.\u00a0\u00bb<\/p>\n<p>Mais cette option reste trop co\u00fbteuse pour la droite, qui demande le maintien de la r\u00e9forme. David Lisnard, maire LR de Cannes (Alpes-Maritimes), explique : \u00ab\u00a0On ne peut pas, sous couvert d&rsquo;une fausse stabilit\u00e9, cr\u00e9er de l&rsquo;instabilit\u00e9 sociale, revenir sur la r\u00e9forme des retraites qui \u00e9tait une r\u00e9formette mais qui, au moins, permettait de limiter les d\u00e9g\u00e2ts sur le plan financier.\u00a0\u00bb<\/p>\n<p>La France insoumise, comme le Rassemblement national, exigent quant \u00e0 eux une abrogation totale de la r\u00e9forme des retraites. Les d\u00e9bats s&rsquo;annoncent anim\u00e9s dans les prochains jours.<\/p>\n","protected":false},"excerpt":{"rendered":"lire plus tard Pour sauvegarder cet article, connectez-vous ou cr\u00e9ez un compte franceinfo Sans paiement. Sans abonnement. Fermer&hellip;\n","protected":false},"author":2,"featured_media":455849,"comment_status":"","ping_status":"","sticky":false,"template":"","format":"standard","meta":{"footnotes":""},"categories":[1888],"tags":[1111,1928,11,1927,1777,674,1011,27,12,1926,626,1925,25],"class_list":{"0":"post-455848","1":"post","2":"type-post","3":"status-publish","4":"format-standard","5":"has-post-thumbnail","7":"category-paris","8":"tag-actu","9":"tag-actu-paris","10":"tag-actualites","11":"tag-actualites-paris","12":"tag-eu","13":"tag-europe","14":"tag-fr","15":"tag-france","16":"tag-news","17":"tag-news-paris","18":"tag-paris","19":"tag-paris-news","20":"tag-republique-francaise"},"share_on_mastodon":{"url":"https:\/\/pubeurope.com\/@fr\/115357455822321847","error":""},"_links":{"self":[{"href":"https:\/\/www.europesays.com\/fr\/wp-json\/wp\/v2\/posts\/455848","targetHints":{"allow":["GET"]}}],"collection":[{"href":"https:\/\/www.europesays.com\/fr\/wp-json\/wp\/v2\/posts"}],"about":[{"href":"https:\/\/www.europesays.com\/fr\/wp-json\/wp\/v2\/types\/post"}],"author":[{"embeddable":true,"href":"https:\/\/www.europesays.com\/fr\/wp-json\/wp\/v2\/users\/2"}],"replies":[{"embeddable":true,"href":"https:\/\/www.europesays.com\/fr\/wp-json\/wp\/v2\/comments?post=455848"}],"version-history":[{"count":0,"href":"https:\/\/www.europesays.com\/fr\/wp-json\/wp\/v2\/posts\/455848\/revisions"}],"wp:featuredmedia":[{"embeddable":true,"href":"https:\/\/www.europesays.com\/fr\/wp-json\/wp\/v2\/media\/455849"}],"wp:attachment":[{"href":"https:\/\/www.europesays.com\/fr\/wp-json\/wp\/v2\/media?parent=455848"}],"wp:term":[{"taxonomy":"category","embeddable":true,"href":"https:\/\/www.europesays.com\/fr\/wp-json\/wp\/v2\/categories?post=455848"},{"taxonomy":"post_tag","embeddable":true,"href":"https:\/\/www.europesays.com\/fr\/wp-json\/wp\/v2\/tags?post=455848"}],"curies":[{"name":"wp","href":"https:\/\/api.w.org\/{rel}","templated":true}]}}