{"id":455850,"date":"2025-10-11T20:37:12","date_gmt":"2025-10-11T20:37:12","guid":{"rendered":"https:\/\/www.europesays.com\/fr\/455850\/"},"modified":"2025-10-11T20:37:12","modified_gmt":"2025-10-11T20:37:12","slug":"sa-video-pres-du-pont-de-lalma-a-t-elle-vraiment-atterre-le-prince-harry-un-expert-lassure","status":"publish","type":"post","link":"https:\/\/www.europesays.com\/fr\/455850\/","title":{"rendered":"sa vid\u00e9o pr\u00e8s du pont de l\u2019Alma a-t-elle vraiment \u00ab\u00a0atterr\u00e9\u00a0\u00bb le prince Harry ? Un expert l\u2019assure !"},"content":{"rendered":"<p class=\"mb-4 text-lg md:leading-8 break-words\">Meghan Markle a \u00e9t\u00e9 aper\u00e7ue \u00e0 la <b>Fashion Week de Paris<\/b>. Le samedi 4 octobre dernier, la duchesse de Sussex a notamment \u00e9t\u00e9 vue, en solo, aux c\u00f4t\u00e9s d\u2019<b>Anna Wintour<\/b>, l\u2019ic\u00f4ne de Vogue, ainsi que le r\u00e9alisateur <b>Baz Luhrmann<\/b>. Selon le porte-parole de la femme des Sussex, l\u2019ancienne actrice des Suits aurait fait le voyage afin de soutenir, <b>Pierpaolo Piccioli<\/b>, le nouveau directeur artistique de Balenciaga. Seulement, ce qui a r\u00e9ellement fait le buzz, c\u2019est la vid\u00e9o qu\u2019elle avait post\u00e9 lors de ce voyage. Les images montrent <b>le pont de l\u2019Alma<\/b> ainsi que le tunnel du pont. Rappelons qu\u2019il s\u2019agit du lieu tragique o\u00f9 la princesse Diana, <b>Dodi Fayed<\/b> ainsi que son chauffeur <b>Henri Paul<\/b> ont trouv\u00e9 la mort, en ao\u00fbt 1997. La vid\u00e9o de la duchesse se termine avec un plan flou de ses pieds alors qu\u2019elle est assise sur le si\u00e8ge de sa voiture.<\/p>\n<p>Meghan Markle : la r\u00e9action du prince Harry !<\/p>\n<p class=\"mb-4 text-lg md:leading-8 break-words\">Les critiques sont rapidement venues apr\u00e8s que la vid\u00e9o de <b>Meghan Markle<\/b> ait \u00e9t\u00e9 mise en ligne. Qualifi\u00e9e d\u2019insensible par les internautes, il semblerait que m\u00eame son mari, le prince Harry, ait \u00e9galement \u00e9t\u00e9 choqu\u00e9 par cette vid\u00e9o. S\u2019adressant au magazine OK !, l\u2019expert royal Richard Fitzwilliams a d\u00e9clar\u00e9 : \u00ab\u00a0Je pense qu&rsquo;Harry sera horrifi\u00e9 et <b>extr\u00eamement en col\u00e8re<\/b>, car la vid\u00e9o \u00e9voque <b>la p\u00e9riode la plus traumatisante de sa vie<\/b>\u00ab\u00a0. \u00ab\u00a0Il serait atterr\u00e9, car m\u00eame si ce n&rsquo;\u00e9tait pas intentionnel, c&rsquo;\u00e9tait <b>une grave erreur<\/b>\u00ab\u00a0, a-t-il poursuivi en soulignant que (&#8230;)<\/p>\n<p class=\"mb-4 text-lg md:leading-8 break-words\"><a href=\"https:\/\/www.closermag.fr\/royautes\/meghan-markle-a-paris-sa-video-pres-du-pont-de-lalma-a-t-elle-vraiment-atterre-le-prince-harry-un-expert-lassure-3586040\" rel=\"nofollow noopener\" target=\"_blank\" data-ylk=\"slk:Lire la suite sur Closer;elm:context_link;itc:0;sec:content-canvas\" class=\"link \">Lire la suite sur Closer<\/a><\/p>\n<p class=\"mb-4 text-lg md:leading-8 break-words\"><a href=\"https:\/\/www.closermag.fr\/tv_tele_realite\/cyprien-les-12-coups-de-midi-son-point-commun-inattendu-avec-michael-jackson-et-mariah-carey-3586047\" rel=\"nofollow noopener\" target=\"_blank\" data-ylk=\"slk:Cyprien (Les 12 coups de midi) : son point commun inattendu avec Michael Jackson et Mariah Carey;elm:context_link;itc:0;sec:content-canvas\" class=\"link \">Cyprien (Les 12 coups de midi) : son point commun inattendu avec Michael Jackson et Mariah Carey<\/a><br \/><a href=\"https:\/\/www.closermag.fr\/people\/philippe-caveriviere-qui-est-sa-femme-sarah-3583113\" rel=\"nofollow noopener\" target=\"_blank\" data-ylk=\"slk:Philippe Caverivi\u00e8re : qui est sa femme Sarah ?;elm:context_link;itc:0;sec:content-canvas\" class=\"link \">Philippe Caverivi\u00e8re : qui est sa femme Sarah ?<\/a><br \/><a href=\"https:\/\/www.closermag.fr\/politique\/joe-biden-lancien-president-americain-touche-par-un-cancer-ce-lourd-traitement-quil-va-devoir-suivre-3586044\" rel=\"nofollow noopener\" target=\"_blank\" data-ylk=\"slk:Joe Biden : l\u2019ancien pr\u00e9sident am\u00e9ricain touch\u00e9 par un cancer, ce lourd traitement qu\u2019il va devoir suivre;elm:context_link;itc:0;sec:content-canvas\" class=\"link \">Joe Biden : l\u2019ancien pr\u00e9sident am\u00e9ricain touch\u00e9 par un cancer, ce lourd traitement qu\u2019il va devoir suivre<\/a><br \/><a href=\"https:\/\/www.closermag.fr\/people\/michael-youn-combien-a-t-il-denfants-3583108\" rel=\"nofollow noopener\" target=\"_blank\" data-ylk=\"slk:Micha\u00ebl Youn : combien a-t-il d\u2019enfants ?;elm:context_link;itc:0;sec:content-canvas\" class=\"link \">Micha\u00ebl Youn : combien a-t-il d\u2019enfants ?<\/a><br \/><a href=\"https:\/\/www.closermag.fr\/royautes\/kate-middleton-son-message-cache-a-meghan-markle-et-au-prince-harry-lors-de-lune-de-ses-dernieres-sorties-3586036\" rel=\"nofollow noopener\" target=\"_blank\" data-ylk=\"slk:Kate Middleton : son message cach\u00e9 \u00e0 Meghan Markle et au prince Harry lors de l\u2019une de ses derni\u00e8res sorties;elm:context_link;itc:0;sec:content-canvas\" class=\"link \">Kate Middleton : son message cach\u00e9 \u00e0 Meghan Markle et au prince Harry lors de l\u2019une de ses derni\u00e8res sorties<\/a><\/p>\n","protected":false},"excerpt":{"rendered":"Meghan Markle a \u00e9t\u00e9 aper\u00e7ue \u00e0 la Fashion Week de Paris. Le samedi 4 octobre dernier, la duchesse&hellip;\n","protected":false},"author":2,"featured_media":455851,"comment_status":"","ping_status":"","sticky":false,"template":"","format":"standard","meta":{"footnotes":""},"categories":[1888],"tags":[1111,1928,11,1927,1777,674,1011,27,21045,58111,908,12,1926,626,1925,55360,267,25],"class_list":{"0":"post-455850","1":"post","2":"type-post","3":"status-publish","4":"format-standard","5":"has-post-thumbnail","7":"category-paris","8":"tag-actu","9":"tag-actu-paris","10":"tag-actualites","11":"tag-actualites-paris","12":"tag-eu","13":"tag-europe","14":"tag-fr","15":"tag-france","16":"tag-la-fashion-week","17":"tag-le-buzz","18":"tag-meghan-markle","19":"tag-news","20":"tag-news-paris","21":"tag-paris","22":"tag-paris-news","23":"tag-pierpaolo-piccioli","24":"tag-prince-harry","25":"tag-republique-francaise"},"share_on_mastodon":{"url":"https:\/\/pubeurope.com\/@fr\/115357459757401315","error":""},"_links":{"self":[{"href":"https:\/\/www.europesays.com\/fr\/wp-json\/wp\/v2\/posts\/455850","targetHints":{"allow":["GET"]}}],"collection":[{"href":"https:\/\/www.europesays.com\/fr\/wp-json\/wp\/v2\/posts"}],"about":[{"href":"https:\/\/www.europesays.com\/fr\/wp-json\/wp\/v2\/types\/post"}],"author":[{"embeddable":true,"href":"https:\/\/www.europesays.com\/fr\/wp-json\/wp\/v2\/users\/2"}],"replies":[{"embeddable":true,"href":"https:\/\/www.europesays.com\/fr\/wp-json\/wp\/v2\/comments?post=455850"}],"version-history":[{"count":0,"href":"https:\/\/www.europesays.com\/fr\/wp-json\/wp\/v2\/posts\/455850\/revisions"}],"wp:featuredmedia":[{"embeddable":true,"href":"https:\/\/www.europesays.com\/fr\/wp-json\/wp\/v2\/media\/455851"}],"wp:attachment":[{"href":"https:\/\/www.europesays.com\/fr\/wp-json\/wp\/v2\/media?parent=455850"}],"wp:term":[{"taxonomy":"category","embeddable":true,"href":"https:\/\/www.europesays.com\/fr\/wp-json\/wp\/v2\/categories?post=455850"},{"taxonomy":"post_tag","embeddable":true,"href":"https:\/\/www.europesays.com\/fr\/wp-json\/wp\/v2\/tags?post=455850"}],"curies":[{"name":"wp","href":"https:\/\/api.w.org\/{rel}","templated":true}]}}