{"id":455856,"date":"2025-10-11T20:40:19","date_gmt":"2025-10-11T20:40:19","guid":{"rendered":"https:\/\/www.europesays.com\/fr\/455856\/"},"modified":"2025-10-11T20:40:19","modified_gmt":"2025-10-11T20:40:19","slug":"ce-quil-faut-retenir-de-la-situation-vendredi-10-octobre","status":"publish","type":"post","link":"https:\/\/www.europesays.com\/fr\/455856\/","title":{"rendered":"ce qu\u2019il faut retenir de la situation vendredi 10 octobre"},"content":{"rendered":"<p>L\u2019\u00e9lectricit\u00e9 r\u00e9tablie chez 678\u00a0000 consommateurs \u00e0 Kiev<\/p>\n<p>Le principal op\u00e9rateur \u00e9nerg\u00e9tique priv\u00e9 ukrainien, DTEK, a affirm\u00e9 avoir r\u00e9tabli vendredi soir l\u2019\u00e9lectricit\u00e9 chez au moins 678\u00a0000 consommateurs \u00e0 Kiev apr\u00e8s l\u2019une des plus importantes attaques russes contre le r\u00e9seau du pays, qui a plong\u00e9 dans le noir des centaines de milliers de foyers.<\/p>\n<p>Sur son compte Telegram, DTEK a pr\u00e9cis\u00e9 poursuivre son travail \u00e0 \u00ab\u00a0r\u00e9gime soutenu\u00a0\u00bb pour r\u00e9tablir le courant dans les foyers et les entreprises apr\u00e8s ces bombardements dans la nuit de jeudi \u00e0 vendredi qui ont entra\u00een\u00e9 des coupures d\u2019\u00e9lectricit\u00e9 d\u2019une ampleur rarement vue dans la capitale depuis le d\u00e9but de l\u2019invasion russe en 2022.<\/p>\n<p>Melania Trump dit avoir \u00e9tabli \u00ab\u00a0un canal de communications\u00a0\u00bb avec Poutine<\/p>\n<p>L\u2019\u00e9pouse du pr\u00e9sident am\u00e9ricain <a href=\"https:\/\/www.la-croix.com\/international\/nobel-de-la-paix-comment-4-presidents-americains-ont-decroche-ce-prix-qui-echappe-a-trump-20251010\" data-tracking=\"inpage_click\" data-tracking-action=\"lire un article\" data-tracking-category=\"recirculation\" rel=\"nofollow noopener\" target=\"_blank\">Donald Trump<\/a>, Melania, a annonc\u00e9 avoir \u00e9tabli \u00ab\u00a0un canal de communications\u00a0\u00bb avec le chef de l\u2019\u00c9tat russe Vladimir Poutine sur la question des enfants ukrainiens que Kiev accuse Moscou d\u2019avoir enlev\u00e9s.<\/p>\n<p>\u00ab\u00a0Le pr\u00e9sident Poutine et moi-m\u00eame avons ouvert un canal de communications sur le bien-\u00eatre de ces enfants\u00a0\u00bb, a d\u00e9clar\u00e9 Melania Trump \u00e0 des journalistes \u00e0 la Maison-Blanche, pr\u00e9cisant que c\u2019\u00e9tait \u00e0 la suite d\u2019une lettre de sa part remise par son mari au pr\u00e9sident russe lors de leur sommet en Alaska en ao\u00fbt.<\/p>\n<p>La Russie confirme avoir men\u00e9 des frappes \u00ab\u00a0massives\u00a0\u00bb<\/p>\n<p>La Russie a affirm\u00e9 avoir men\u00e9 en Ukraine des frappes \u00ab\u00a0massives\u00a0\u00bb de missiles et de drones sur des infrastructures \u00e9nerg\u00e9tiques assurant le fonctionnement du \u00ab\u00a0complexe militaro-industriel\u00a0\u00bb du pays, o\u00f9 des dizaines de milliers d\u2019habitants \u00e9taient priv\u00e9s de courant.<\/p>\n<p>L\u2019arm\u00e9e a dit dans un communiqu\u00e9 avoir men\u00e9 ces frappes nocturnes en r\u00e9ponse aux attaques de Kiev \u00ab\u00a0contre des installations civiles sur le territoire russe\u00a0\u00bb.<\/p>\n<p>Plusieurs r\u00e9gions ukrainiennes affect\u00e9es par des coupures d\u2019\u00e9lectricit\u00e9<\/p>\n<p>La ville de Kiev et neuf r\u00e9gions \u00e0 travers le pays ont \u00e9t\u00e9 affect\u00e9es par des coupures d\u2019\u00e9lectricit\u00e9 \u00e0 la suite de massives frappes nocturnes russes ciblant le syst\u00e8me \u00e9nerg\u00e9tique ukrainien, a annonc\u00e9 le minist\u00e8re de l\u2019\u00e9nergie.<\/p>\n<p>\u00ab\u00a0\u00c0 la suite d\u2019une attaque massive de missiles et de drones russes (\u2026), un nombre important de consommateurs ont \u00e9t\u00e9 priv\u00e9s d\u2019\u00e9lectricit\u00e9 \u00e0 Kiev\u00a0\u00bb et sa r\u00e9gion ainsi que dans celles de Donetsk, Dnipropetrovsk, Tcherniguiv, Tcherkassy, Kharkiv, Soumy, Poltava et Odessa, a pr\u00e9cis\u00e9 le minist\u00e8re.<\/p>\n<p>Zelensky appelle ses alli\u00e9s \u00e0 r\u00e9pondre aux attaques russes<\/p>\n<p>Le pr\u00e9sident ukrainien Volodymyr Zelensky a appel\u00e9 <a href=\"https:\/\/www.la-croix.com\/international\/guerre-en-ukraine-l-europe-au-defi-dagir-seule-pour-kiev-et-pour-elle-meme-20250928\" data-tracking=\"inpage_click\" data-tracking-action=\"lire un article\" data-tracking-category=\"recirculation\" rel=\"nofollow noopener\" target=\"_blank\">ses alli\u00e9s<\/a> \u00e0 r\u00e9pondre par des mesures concr\u00e8tes \u00e0 une attaque russe d\u2019ampleur contre les installations \u00e9nerg\u00e9tiques ukrainiennes, provoquant notamment une coupure de courant dans le secteur est de Kiev.<\/p>\n<p>\u00ab\u00a0Ce qui est n\u00e9cessaire, ce ne sont pas des paroles en l\u2019air mais une action d\u00e9cisive \u2013 de la part des \u00c9tats-Unis, de l\u2019Europe et du G7 \u2013 en livrant des syst\u00e8mes de d\u00e9fense a\u00e9rienne et en appliquant des sanctions,\u00a0\u00bb a d\u00e9clar\u00e9 Volodymyr Zelensky dans une d\u00e9claration en ligne, ajoutant que la Russie avait lanc\u00e9 plus de 450 drones et plus de 30 missiles lors de l\u2019attaque.<\/p>\n<p>Un enfant mort dans une frappe russe<\/p>\n<p>Un enfant de 7\u00a0ans est mort \u00e0 la suite de frappes russes durant la nuit de jeudi \u00e0 vendredi sur la r\u00e9gion de Zaporijjia, dans le centre de l\u2019Ukraine, a annonc\u00e9 le gouverneur local, Ivan Fedorov.<\/p>\n<p>\u00ab\u00a0Nouvelle tragique, un gar\u00e7on de 7\u00a0ans bless\u00e9 dans une attaque nocturne russe est mort \u00e0 l\u2019h\u00f4pital\u00a0\u00bb sans avoir pu \u00eatre r\u00e9anim\u00e9, a indiqu\u00e9 sur Telegram ce responsable, qui a par ailleurs fait \u00e9tat de trois bless\u00e9s.<\/p>\n<p>Des frappes privent Kiev de courant<\/p>\n<p>L\u2019est de Kiev est priv\u00e9 de courant vendredi matin \u00e0 la suite de frappes russes qui ont notamment vis\u00e9 le secteur \u00e9nerg\u00e9tique ukrainien dans la nuit, a annonc\u00e9 le maire de la capitale, Vitali Klitschko.<\/p>\n<p>\u00ab\u00a0La rive gauche (orientale, NDLR) est sans \u00e9lectricit\u00e9. Il y a \u00e9galement des probl\u00e8mes sur le r\u00e9seau d\u2019eau\u00a0\u00bb, a indiqu\u00e9 l\u2019\u00e9lu sur Telegram. Un journaliste de l\u2019AFP vivant dans cette partie de la ville a \u00e9galement constat\u00e9 l\u2019absence de courant et d\u2019eau potable.<\/p>\n<p>De multiples explosions ont \u00e9t\u00e9 entendues dans la nuit de jeudi \u00e0 vendredi \u00e0 Kiev, le minist\u00e8re ukrainien de l\u2019\u00e9nergie faisant par ailleurs \u00e9tat de frappes \u00ab\u00a0massives\u00a0\u00bb sur les infrastructures \u00e9nerg\u00e9tiques du pays. \u00ab\u00a0En ce moment, les Russes infligent des frappes massives \u00e0 l\u2019infrastructure \u00e9nerg\u00e9tique ukrainienne\u00a0\u00bb, a indiqu\u00e9 ce minist\u00e8re sur Facebook.<\/p>\n<p>Trump veut \u00ab\u00a0augmenter la pression\u00a0\u00bb<\/p>\n<p>Donald Trump a affirm\u00e9 jeudi qu\u2019il \u00ab\u00a0augmentait la pression\u00a0\u00bb pour mettre fin au conflit en\u00a0Ukraine, o\u00f9 la guerre d\u00e9clench\u00e9e par l\u2019invasion russe continue <a href=\"https:\/\/www.la-croix.com\/international\/donald-trump-sanctionnera-t-il-un-jour-la-russie-20251001\" data-tracking=\"inpage_click\" data-tracking-action=\"lire un article\" data-tracking-category=\"recirculation\" rel=\"nofollow noopener\" target=\"_blank\">malgr\u00e9 ses gestes envers le pr\u00e9sident russe Vladimir Poutine<\/a>.<\/p>\n<p>\u00ab\u00a0Oui on augmente la pression. On l\u2019augmente ensemble\u00a0\u00bb, a r\u00e9pondu le pr\u00e9sident am\u00e9ricain \u00e0 la presse dans le Bureau Ovale en recevant le pr\u00e9sident finlandais Alexander Stubb. \u00ab\u00a0On augmente tous la pression. L\u2019Otan a \u00e9t\u00e9 g\u00e9niale.\u00a0\u00bb<\/p>\n","protected":false},"excerpt":{"rendered":"L\u2019\u00e9lectricit\u00e9 r\u00e9tablie chez 678\u00a0000 consommateurs \u00e0 Kiev Le principal op\u00e9rateur \u00e9nerg\u00e9tique priv\u00e9 ukrainien, DTEK, a affirm\u00e9 avoir r\u00e9tabli&hellip;\n","protected":false},"author":2,"featured_media":455857,"comment_status":"","ping_status":"","sticky":false,"template":"","format":"standard","meta":{"footnotes":""},"categories":[1591],"tags":[11,1887,12,1885,1886,132],"class_list":{"0":"post-455856","1":"post","2":"type-post","3":"status-publish","4":"format-standard","5":"has-post-thumbnail","7":"category-russie","8":"tag-actualites","9":"tag-federation-de-russie","10":"tag-news","11":"tag-russia","12":"tag-russian-federation","13":"tag-russie"},"share_on_mastodon":{"url":"https:\/\/pubeurope.com\/@fr\/115357471457140476","error":""},"_links":{"self":[{"href":"https:\/\/www.europesays.com\/fr\/wp-json\/wp\/v2\/posts\/455856","targetHints":{"allow":["GET"]}}],"collection":[{"href":"https:\/\/www.europesays.com\/fr\/wp-json\/wp\/v2\/posts"}],"about":[{"href":"https:\/\/www.europesays.com\/fr\/wp-json\/wp\/v2\/types\/post"}],"author":[{"embeddable":true,"href":"https:\/\/www.europesays.com\/fr\/wp-json\/wp\/v2\/users\/2"}],"replies":[{"embeddable":true,"href":"https:\/\/www.europesays.com\/fr\/wp-json\/wp\/v2\/comments?post=455856"}],"version-history":[{"count":0,"href":"https:\/\/www.europesays.com\/fr\/wp-json\/wp\/v2\/posts\/455856\/revisions"}],"wp:featuredmedia":[{"embeddable":true,"href":"https:\/\/www.europesays.com\/fr\/wp-json\/wp\/v2\/media\/455857"}],"wp:attachment":[{"href":"https:\/\/www.europesays.com\/fr\/wp-json\/wp\/v2\/media?parent=455856"}],"wp:term":[{"taxonomy":"category","embeddable":true,"href":"https:\/\/www.europesays.com\/fr\/wp-json\/wp\/v2\/categories?post=455856"},{"taxonomy":"post_tag","embeddable":true,"href":"https:\/\/www.europesays.com\/fr\/wp-json\/wp\/v2\/tags?post=455856"}],"curies":[{"name":"wp","href":"https:\/\/api.w.org\/{rel}","templated":true}]}}