{"id":455858,"date":"2025-10-11T20:41:14","date_gmt":"2025-10-11T20:41:14","guid":{"rendered":"https:\/\/www.europesays.com\/fr\/455858\/"},"modified":"2025-10-11T20:41:14","modified_gmt":"2025-10-11T20:41:14","slug":"cuba-dement-toute-participation-a-la-guerre-en-ukraine","status":"publish","type":"post","link":"https:\/\/www.europesays.com\/fr\/455858\/","title":{"rendered":"Cuba d\u00e9ment toute participation \u00e0 la guerre en Ukraine"},"content":{"rendered":"<p><a href=\"https:\/\/www.lalibre.be\/international\/europe\/guerre-ukraine-russie\/2025\/10\/06\/le-regime-a-echoue-a-proteger-ses-citoyens-washington-durcit-le-ton-face-a-cuba-soupconne-denvoyer-des-soldats-en-russie-LWJQRTHP2NFD3EWOUPK6CPQHNE\/\" target=\"_blank\" rel=\"noopener noreferrer nofollow\" class=\"ap-StoryInterstitialLink ap-StoryElement ap-StoryElement--mb\">\u00ab\u00a0Le r\u00e9gime a \u00e9chou\u00e9 \u00e0 prot\u00e9ger ses citoyens\u00a0\u00bb : Washington durcit le ton face \u00e0 Cuba, soup\u00e7onn\u00e9 d&rsquo;envoyer des soldats en Russie<\/a><\/p>\n<p class=\"ap-StoryElement ap-StoryElement--mb ap-StoryText\">Le minist\u00e8re des Relations ext\u00e9rieures a indiqu\u00e9 samedi que, depuis lors, 26 personnes avaient \u00e9t\u00e9 condamn\u00e9es \u00e0 des peines allant de cinq \u00e0 14 ans de prison pour \u00ab\u00a0d\u00e9lit de participation \u00e0 une activit\u00e9 mercenaire\u00a0\u00bb.<\/p>\n<p class=\"ap-StoryElement ap-StoryElement--mb ap-StoryText\">\u00ab\u00a0Nous sommes au courant d&rsquo;informations selon lesquelles des ressortissants cubains combattent aux c\u00f4t\u00e9s des troupes russes dans la guerre Russie-Ukraine. Le r\u00e9gime cubain n&rsquo;a pas r\u00e9ussi \u00e0 prot\u00e9ger ses citoyens contre leur utilisation comme pions dans la guerre Russie-Ukraine\u00a0\u00bb, avait indiqu\u00e9 lundi \u00e0 l&rsquo;AFP un porte-parole du D\u00e9partement d&rsquo;Etat am\u00e9ricain.<\/p>\n<p class=\"ap-StoryElement ap-StoryElement--mb ap-StoryText\">Selon une organisation du gouvernement ukrainien baptis\u00e9e \u00ab\u00a0I want to live\u00a0\u00bb (\u00ab\u00a0Je veux vivre\u00a0\u00bb), la Russie a recrut\u00e9 des Cubains depuis d\u00e9but 2023. \u00ab\u00a0Nous connaissons avec certitude les noms et les coordonn\u00e9es personnelles de 1.028 Cubains qui ont sign\u00e9 des contrats avec les forces arm\u00e9es russes en 2023-2024\u00a0\u00bb, indique l&rsquo;organisation.<\/p>\n<p class=\"ap-StoryElement ap-StoryElement--mb ap-StoryText\">Selon le minist\u00e8re cubain des Relations ext\u00e9rieures, les autorit\u00e9s \u00ab\u00a0ne disposent d&rsquo;aucune information pr\u00e9cise sur des ressortissants cubains\u00a0\u00bb ayant particip\u00e9 ou participant au conflit \u00ab\u00a0de leur propre chef\u00a0\u00bb au sein \u00ab\u00a0des forces militaires des deux camps engag\u00e9s dans le conflit arm\u00e9\u00a0\u00bb entre la Russie et l&rsquo;Ukraine.<\/p>\n<p class=\"ap-StoryElement ap-StoryElement--mb ap-StoryText\">\u00ab\u00a0Il est ind\u00e9niable qu&rsquo;aucun d&rsquo;entre eux ne b\u00e9n\u00e9ficie du soutien, de l&rsquo;engagement ou du consentement de l&rsquo;\u00c9tat cubain pour ses actions\u00a0\u00bb, souligne-t-il.<\/p>\n<p class=\"ap-StoryElement ap-StoryElement--mb ap-StoryText\">En septembre 2023, un m\u00e9dia \u00e0 Miami a r\u00e9v\u00e9l\u00e9 les cas de deux Cubains de 19 ans qui ont affirm\u00e9 dans des vid\u00e9os avoir \u00e9t\u00e9 tromp\u00e9s via Facebook pour travailler comme ma\u00e7ons sur des chantiers de construction en Ukraine avec l&rsquo;arm\u00e9e russe et avoir \u00e9t\u00e9 envoy\u00e9s au front.<\/p>\n<p class=\"ap-StoryElement ap-StoryElement--mb ap-StoryText\">L&rsquo;AFP est par la suite entr\u00e9 en contact avec deux Cubains \u00e0 La Havane qui n&rsquo;ont pas souhait\u00e9 donner leurs noms ni \u00eatre film\u00e9s, qui ont confirm\u00e9 qu&rsquo;un contrat leur avait \u00e9t\u00e9 propos\u00e9 pour travailler dans la construction pour l&rsquo;arm\u00e9e russe en \u00e9change de la r\u00e9sidence en Russie et un salaire en roubles \u00e9quivalent \u00e0 environ 2.000 dollars.<\/p>\n","protected":false},"excerpt":{"rendered":"\u00ab\u00a0Le r\u00e9gime a \u00e9chou\u00e9 \u00e0 prot\u00e9ger ses citoyens\u00a0\u00bb : Washington durcit le ton face \u00e0 Cuba, soup\u00e7onn\u00e9 d&rsquo;envoyer&hellip;\n","protected":false},"author":2,"featured_media":455859,"comment_status":"","ping_status":"","sticky":false,"template":"","format":"standard","meta":{"footnotes":""},"categories":[1590],"tags":[11,2120,19551,312,1777,674,12,132,220,308],"class_list":{"0":"post-455858","1":"post","2":"type-post","3":"status-publish","4":"format-standard","5":"has-post-thumbnail","7":"category-ukraine","8":"tag-actualites","9":"tag-conflit","10":"tag-cuba","11":"tag-diplomatie","12":"tag-eu","13":"tag-europe","14":"tag-news","15":"tag-russie","16":"tag-ukraine","17":"tag-usa"},"share_on_mastodon":{"url":"https:\/\/pubeurope.com\/@fr\/115357475423384623","error":""},"_links":{"self":[{"href":"https:\/\/www.europesays.com\/fr\/wp-json\/wp\/v2\/posts\/455858","targetHints":{"allow":["GET"]}}],"collection":[{"href":"https:\/\/www.europesays.com\/fr\/wp-json\/wp\/v2\/posts"}],"about":[{"href":"https:\/\/www.europesays.com\/fr\/wp-json\/wp\/v2\/types\/post"}],"author":[{"embeddable":true,"href":"https:\/\/www.europesays.com\/fr\/wp-json\/wp\/v2\/users\/2"}],"replies":[{"embeddable":true,"href":"https:\/\/www.europesays.com\/fr\/wp-json\/wp\/v2\/comments?post=455858"}],"version-history":[{"count":0,"href":"https:\/\/www.europesays.com\/fr\/wp-json\/wp\/v2\/posts\/455858\/revisions"}],"wp:featuredmedia":[{"embeddable":true,"href":"https:\/\/www.europesays.com\/fr\/wp-json\/wp\/v2\/media\/455859"}],"wp:attachment":[{"href":"https:\/\/www.europesays.com\/fr\/wp-json\/wp\/v2\/media?parent=455858"}],"wp:term":[{"taxonomy":"category","embeddable":true,"href":"https:\/\/www.europesays.com\/fr\/wp-json\/wp\/v2\/categories?post=455858"},{"taxonomy":"post_tag","embeddable":true,"href":"https:\/\/www.europesays.com\/fr\/wp-json\/wp\/v2\/tags?post=455858"}],"curies":[{"name":"wp","href":"https:\/\/api.w.org\/{rel}","templated":true}]}}