{"id":455860,"date":"2025-10-11T20:42:15","date_gmt":"2025-10-11T20:42:15","guid":{"rendered":"https:\/\/www.europesays.com\/fr\/455860\/"},"modified":"2025-10-11T20:42:15","modified_gmt":"2025-10-11T20:42:15","slug":"a-new-york-les-arrestations-dimmigres-se-multiplient-au-coeur-des-tribunaux","status":"publish","type":"post","link":"https:\/\/www.europesays.com\/fr\/455860\/","title":{"rendered":"\u00e0 New York, les arrestations d\u2019immigr\u00e9s se multiplient au c\u0153ur des tribunaux"},"content":{"rendered":"<p class=\"mb-4 text-lg md:leading-8 break-words\">Les images ont choqu\u00e9 l\u2019opinion am\u00e9ricaine. \u00c0 New York, dans le b\u00e2timent f\u00e9d\u00e9ral du 26 Federal Plaza, la <a href=\"https:\/\/www.bbc.com\/news\/articles\/cn0rxrxd444o\" rel=\"nofollow noopener\" target=\"_blank\" data-ylk=\"slk:BBC;elm:context_link;itc:0;sec:content-canvas\" class=\"link \">BBC<\/a> a observ\u00e9 ces derni\u00e8res semaines une s\u00e9rie d\u2019arrestations violentes d\u2019immigr\u00e9s venus assister \u00e0 leurs audiences. Parmi elles, celle de Rub\u00e9n Abelardo Ortiz L\u00f3pez, un ressortissant \u00e9quatorien arr\u00eat\u00e9 \u00e0 la sortie du tribunal, sous les yeux de son \u00e9pouse et de leurs deux enfants. \u00ab Ils nous ont trait\u00e9s comme des animaux \u00bb, a-t-elle d\u00e9clar\u00e9 \u00e0 BBC, apr\u00e8s avoir \u00e9t\u00e9 plaqu\u00e9e au sol par un agent.<\/p>\n<p class=\"mb-4 text-lg md:leading-8 break-words\">L\u2019incident a conduit \u00e0 la suspension temporaire d\u2019un officier, mais il ne s\u2019agit pas d\u2019un cas isol\u00e9. Selon les journalistes de la BBC, les op\u00e9rations de l\u2019agence Immigration and Customs Enforcement (ICE) dans le b\u00e2timent new-yorkais se sont intensifi\u00e9es, cr\u00e9ant un climat \u00ab tendu et traumatisant \u00bb, selon les avocats. En ao\u00fbt, une autre arrestation a d\u00e9g\u00e9n\u00e9r\u00e9 sous les yeux des reporters, avant qu\u2019un nouvel \u00e9pisode ne voie des agents bousculer deux photojournalistes, l\u2019une d\u2019entre elles ayant d\u00fb \u00eatre hospitalis\u00e9e.<\/p>\n<p>\u00ab Nous n\u2019avions jamais vu cela auparavant \u00bb<\/p>\n<p class=\"mb-4 text-lg md:leading-8 break-words\">Les autorit\u00e9s f\u00e9d\u00e9rales affirment que ces arrestations visent des \u00ab criminels dangereux \u00bb et qu\u2019elles sont men\u00e9es \u00ab pour des raisons de s\u00e9curit\u00e9 \u00bb. D\u2019apr\u00e8s des donn\u00e9es obtenues par le Deportation Data Project, la moiti\u00e9 des 3 320 personnes arr\u00eat\u00e9es dans la r\u00e9gion de New York depuis le d\u00e9but du mandat de <a href=\"https:\/\/www.parismatch.com\/bio\/donald-trump\" rel=\"nofollow noopener\" target=\"_blank\" data-ylk=\"slk:Donald Trump;elm:context_link;itc:0;sec:content-canvas\" class=\"link \">Donald Trump<\/a> l\u2019ont \u00e9t\u00e9 \u00e0 26 Federal Plaza. Pr\u00e8s des trois quarts n\u2019avaient pourtant aucun casier judiciaire.<\/p>\n<p class=\"mb-4 text-lg md:leading-8 break-words\">Pour les avocats d\u2019&#8230;<\/p>\n<p class=\"mb-4 text-lg md:leading-8 break-words\"><a href=\"https:\/\/www.parismatch.com\/actu\/international\/etats-unis-a-new-york-les-arrestations-dimmigres-se-multiplient-au-coeur-des-tribunaux-258451?at_medium=affiliate&amp;at_campaign=Yahoo\" rel=\"nofollow noopener\" target=\"_blank\" data-ylk=\"slk:Lire la suite sur ParisMatch;elm:context_link;itc:0;sec:content-canvas\" class=\"link \">Lire la suite sur ParisMatch<\/a><\/p>\n","protected":false},"excerpt":{"rendered":"Les images ont choqu\u00e9 l\u2019opinion am\u00e9ricaine. \u00c0 New York, dans le b\u00e2timent f\u00e9d\u00e9ral du 26 Federal Plaza, la&hellip;\n","protected":false},"author":2,"featured_media":455861,"comment_status":"","ping_status":"","sticky":false,"template":"","format":"standard","meta":{"footnotes":""},"categories":[1589],"tags":[58118,11,73,1866,58121,58119,415,12,58120,1864,1865,1863,308],"class_list":{"0":"post-455860","1":"post","2":"type-post","3":"status-publish","4":"format-standard","5":"has-post-thumbnail","7":"category-etats-unis","8":"tag-26-federal-plaza","9":"tag-actualites","10":"tag-etats-unis","11":"tag-etats-unis-damerique","12":"tag-immigration-and-customs-enforcement","13":"tag-les-yeux","14":"tag-new-york","15":"tag-news","16":"tag-ruben-abelardo-ortiz-lopez","17":"tag-united-states","18":"tag-united-states-of-america","19":"tag-us","20":"tag-usa"},"share_on_mastodon":{"url":"https:\/\/pubeurope.com\/@fr\/115357479299728180","error":""},"_links":{"self":[{"href":"https:\/\/www.europesays.com\/fr\/wp-json\/wp\/v2\/posts\/455860","targetHints":{"allow":["GET"]}}],"collection":[{"href":"https:\/\/www.europesays.com\/fr\/wp-json\/wp\/v2\/posts"}],"about":[{"href":"https:\/\/www.europesays.com\/fr\/wp-json\/wp\/v2\/types\/post"}],"author":[{"embeddable":true,"href":"https:\/\/www.europesays.com\/fr\/wp-json\/wp\/v2\/users\/2"}],"replies":[{"embeddable":true,"href":"https:\/\/www.europesays.com\/fr\/wp-json\/wp\/v2\/comments?post=455860"}],"version-history":[{"count":0,"href":"https:\/\/www.europesays.com\/fr\/wp-json\/wp\/v2\/posts\/455860\/revisions"}],"wp:featuredmedia":[{"embeddable":true,"href":"https:\/\/www.europesays.com\/fr\/wp-json\/wp\/v2\/media\/455861"}],"wp:attachment":[{"href":"https:\/\/www.europesays.com\/fr\/wp-json\/wp\/v2\/media?parent=455860"}],"wp:term":[{"taxonomy":"category","embeddable":true,"href":"https:\/\/www.europesays.com\/fr\/wp-json\/wp\/v2\/categories?post=455860"},{"taxonomy":"post_tag","embeddable":true,"href":"https:\/\/www.europesays.com\/fr\/wp-json\/wp\/v2\/tags?post=455860"}],"curies":[{"name":"wp","href":"https:\/\/api.w.org\/{rel}","templated":true}]}}