{"id":455868,"date":"2025-10-11T20:46:16","date_gmt":"2025-10-11T20:46:16","guid":{"rendered":"https:\/\/www.europesays.com\/fr\/455868\/"},"modified":"2025-10-11T20:46:16","modified_gmt":"2025-10-11T20:46:16","slug":"lue-applique-de-nouvelles-regles-de-transparence-pour-la-publicite-politique","status":"publish","type":"post","link":"https:\/\/www.europesays.com\/fr\/455868\/","title":{"rendered":"L&rsquo;UE applique de nouvelles r\u00e8gles de transparence pour la publicit\u00e9 politique"},"content":{"rendered":"<p class=\"gt-block\">D\u00e9sormais, les publicit\u00e9s politiques dans toute l\u2019Union europ\u00e9enne doivent informer les citoyens <strong>qui paie, qui est cibl\u00e9 et pourquoi.<\/strong> Le nouveau r\u00e8glement de la Commission europ\u00e9enne sur <strong>la transparence et le ciblage de la publicit\u00e9 politique<\/strong>, qui a pris effet le <strong>10 October 2025<br \/>\n<\/strong>, marque l\u2019\u00e9tape la plus ambitieuse \u00e0 ce jour pour garantir l\u2019int\u00e9grit\u00e9 des \u00e9lections et prot\u00e9ger la vie priv\u00e9e \u00e0 l\u2019\u00e8re num\u00e9rique.<\/p>\n<p class=\"gt-block\">Ces r\u00e8gles visent \u00e0 clarifier un monde trouble d&rsquo;influence algorithmique et de campagnes transfrontali\u00e8res. \u00ab \u00c0 l&rsquo;\u00e8re de l&rsquo;information, nous sommes de plus en plus confront\u00e9s \u00e0 des persuasions politiques cach\u00e9es \u00bb, a d\u00e9clar\u00e9 le <a href=\"https:\/\/commission.europa.eu\/news-and-media\/news\/new-eu-rules-political-advertising-come-effect-2025-10-10_en\" rel=\"nofollow noopener\" target=\"_blank\">La Commission a d\u00e9clar\u00e9 dans son annonce<\/a>. L\u2019objectif : rendre les messages politiques visibles, v\u00e9rifiables et volontaires.<\/p>\n<p><strong>\u00c9tiquettes claires et consentement \u00e9clair\u00e9<\/strong><\/p>\n<p class=\"gt-block\">Sous le nouveau r\u00e9gime, chaque <strong>publicit\u00e9 politique payante<\/strong>\u2014que ce soit en ligne, \u00e0 la t\u00e9l\u00e9vision ou sur papier\u2014doit \u00eatre <strong>clairement \u00e9tiquet\u00e9<\/strong> et inclure des informations essentielles :<\/p>\n<ul class=\"wp-block-list\">\n<li>le <strong>identit\u00e9 du sponsor<\/strong>,<\/li>\n<li>le <strong>le montant pay\u00e9<\/strong>,<\/li>\n<li>le <strong>\u00e9lection ou r\u00e9f\u00e9rendum<\/strong> cela concerne, et<\/li>\n<li>d\u00e9tails de tout <strong>techniques de ciblage ou d&rsquo;amplification<\/strong> utilis\u00e9.<\/li>\n<\/ul>\n<p class=\"gt-block\">Le ciblage en ligne est d\u00e9sormais limit\u00e9 aux cas o\u00f9 les utilisateurs ont donn\u00e9 <strong>consentement explicite et distinct<\/strong> \u00e0 l&rsquo;utilisation de leurs donn\u00e9es personnelles \u00e0 des fins politiques. Des donn\u00e9es sensibles telles que <strong>opinions politiques, appartenance ethnique ou religion<\/strong> sont strictement interdits au profilage.<\/p>\n<p class=\"gt-block\">La Commission a soulign\u00e9 que ces protections visent \u00e0 pr\u00e9server \u00e0 la fois <strong>libert\u00e9 d&rsquo;opinion<\/strong> et <strong>confidentialit\u00e9 des donn\u00e9es<\/strong>, en veillant \u00e0 ce que les \u00e9lecteurs ne soient pas manipul\u00e9s \u00e0 leur insu par des campagnes num\u00e9riques opaques.<\/p>\n<p><strong>L&rsquo;influence \u00e9trang\u00e8re sous surveillance<\/strong><\/p>\n<p class=\"gt-block\">L\u2019une des dispositions les plus importantes est une <strong>interdiction des publicit\u00e9s politiques financ\u00e9es par des fonds \u00e9trangers<\/strong> au sein du <strong>trois mois pr\u00e9c\u00e9dant toute \u00e9lection ou r\u00e9f\u00e9rendum<\/strong> dans un pays de l&rsquo;UE. La mesure vise \u00e0 freiner <strong>interf\u00e9rence externe<\/strong>\u2014un probl\u00e8me mis en \u00e9vidence lors de plusieurs cycles \u00e9lectoraux europ\u00e9ens et am\u00e9ricains au cours de la derni\u00e8re d\u00e9cennie.<\/p>\n<p>\u00ab La transparence est l\u2019antidote \u00e0 la manipulation \u00bb, a d\u00e9clar\u00e9 un fonctionnaire de l\u2019UE familier avec le r\u00e8glement, d\u00e9crivant la loi comme \u00ab une pierre angulaire de la r\u00e9silience d\u00e9mocratique de l\u2019Europe \u00bb.<\/p>\n<p class=\"gt-block\">Les expressions \u00e9ditoriales et personnelles d&rsquo;opinion restent intactes : le r\u00e8glement <strong>Ne s&rsquo;applique pas<\/strong> au journalisme ou au commentaire priv\u00e9.<\/p>\n<p><strong>Une partie d&rsquo;une strat\u00e9gie d\u00e9mocratique plus large<\/strong><\/p>\n<p class=\"gt-block\">Le nouveau cadre compl\u00e8te les initiatives ant\u00e9rieures de l\u2019UE telles que <strong>Plan d&rsquo;action pour la d\u00e9mocratie europ\u00e9enne (2020)<\/strong>, qui visait \u00e0 lutter contre la d\u00e9sinformation et \u00e0 renforcer la libert\u00e9 des m\u00e9dias. Plus tard cette ann\u00e9e, la Commission devrait pr\u00e9senter le <strong>Bouclier europ\u00e9en de la d\u00e9mocratie<\/strong>, une strat\u00e9gie \u00e0 long terme pour <strong>prot\u00e9ger, renforcer et promouvoir la d\u00e9mocratie<\/strong> au sein de l&rsquo;Union.<\/p>\n<p class=\"gt-block\">Pour guider la mise en \u0153uvre, la Commission <strong>Direction g\u00e9n\u00e9rale de la communication<\/strong> a publi\u00e9 des informations d\u00e9taill\u00e9es <strong>lignes directrices<\/strong> pour toutes les parties prenantes (sponsors, \u00e9diteurs et prestataires de services) expliquant comment se conformer aux nouvelles exigences.<\/p>\n<p><strong>Une approche europ\u00e9enne de la responsabilit\u00e9 num\u00e9rique<\/strong><\/p>\n<p class=\"gt-block\">\u00c0 l\u2019approche des \u00e9lections nationales et europ\u00e9ennes de 2026, le r\u00e8glement signale que Bruxelles entend jouer un r\u00f4le de premier plan \u00e0 l\u2019\u00e9chelle mondiale en la mati\u00e8re. <strong>transparence politique num\u00e9rique<\/strong>En transformant l\u2019opacit\u00e9 en responsabilit\u00e9, l\u2019UE esp\u00e8re restaurer la confiance du public dans la mani\u00e8re dont le d\u00e9bat d\u00e9mocratique est financ\u00e9 et men\u00e9.<\/p>\n","protected":false},"excerpt":{"rendered":"D\u00e9sormais, les publicit\u00e9s politiques dans toute l\u2019Union europ\u00e9enne doivent informer les citoyens qui paie, qui est cibl\u00e9 et&hellip;\n","protected":false},"author":2,"featured_media":455869,"comment_status":"","ping_status":"","sticky":false,"template":"","format":"standard","meta":{"footnotes":""},"categories":[1586],"tags":[11,1777,674,1779,1011,27,12,25,1778,364],"class_list":{"0":"post-455868","1":"post","2":"type-post","3":"status-publish","4":"format-standard","5":"has-post-thumbnail","7":"category-europe","8":"tag-actualites","9":"tag-eu","10":"tag-europe","11":"tag-european-union","12":"tag-fr","13":"tag-france","14":"tag-news","15":"tag-republique-francaise","16":"tag-ue","17":"tag-union-europeenne"},"share_on_mastodon":{"url":"https:\/\/pubeurope.com\/@fr\/115357495180203680","error":""},"_links":{"self":[{"href":"https:\/\/www.europesays.com\/fr\/wp-json\/wp\/v2\/posts\/455868","targetHints":{"allow":["GET"]}}],"collection":[{"href":"https:\/\/www.europesays.com\/fr\/wp-json\/wp\/v2\/posts"}],"about":[{"href":"https:\/\/www.europesays.com\/fr\/wp-json\/wp\/v2\/types\/post"}],"author":[{"embeddable":true,"href":"https:\/\/www.europesays.com\/fr\/wp-json\/wp\/v2\/users\/2"}],"replies":[{"embeddable":true,"href":"https:\/\/www.europesays.com\/fr\/wp-json\/wp\/v2\/comments?post=455868"}],"version-history":[{"count":0,"href":"https:\/\/www.europesays.com\/fr\/wp-json\/wp\/v2\/posts\/455868\/revisions"}],"wp:featuredmedia":[{"embeddable":true,"href":"https:\/\/www.europesays.com\/fr\/wp-json\/wp\/v2\/media\/455869"}],"wp:attachment":[{"href":"https:\/\/www.europesays.com\/fr\/wp-json\/wp\/v2\/media?parent=455868"}],"wp:term":[{"taxonomy":"category","embeddable":true,"href":"https:\/\/www.europesays.com\/fr\/wp-json\/wp\/v2\/categories?post=455868"},{"taxonomy":"post_tag","embeddable":true,"href":"https:\/\/www.europesays.com\/fr\/wp-json\/wp\/v2\/tags?post=455868"}],"curies":[{"name":"wp","href":"https:\/\/api.w.org\/{rel}","templated":true}]}}