{"id":455878,"date":"2025-10-11T20:51:14","date_gmt":"2025-10-11T20:51:14","guid":{"rendered":"https:\/\/www.europesays.com\/fr\/455878\/"},"modified":"2025-10-11T20:51:14","modified_gmt":"2025-10-11T20:51:14","slug":"a-quelques-jours-du-debut-du-championnat-les-centurions-narbonne-regalent-leurs-partenaires-financiers","status":"publish","type":"post","link":"https:\/\/www.europesays.com\/fr\/455878\/","title":{"rendered":"A quelques jours du d\u00e9but du championnat, les Centurions Narbonne r\u00e9galent leurs partenaires financiers"},"content":{"rendered":"<p>\n                                                                Jeudi \u00e0 Narbonne se tenait la traditionnelle soir\u00e9e de pr\u00e9sentation aux partenaires des volleyeurs professionnels narbonnais, qui d\u00e9buteront une nouvelle saison dans l\u2019\u00e9lite nationale le 21\u00a0octobre, contre Toulouse \u00e0 l\u2019Arena (20\u00a0h).\n                            <\/p>\n<p>Les Centurions Narbonne \u2013 les volleyeurs professionnels de la ville, leur staff technique et leurs dirigeants \u2013 ont offert \u00e0 leurs partenaires financiers, institutionnels et priv\u00e9s, jeudi soir, dans l\u2019\u00e9crin d\u2019une cour de la Madeleine bond\u00e9e, un ap\u00e9ritif d\u00eenatoire digne des r\u00e9ceptions d\u2019apr\u00e8s-matchs \u00e0 l\u2019Arena. Go\u00fbteux.<\/p>\n<p>Le coup d\u2019envoi de la saison 2025-2026 approche \u00e0 grands pas (premier match, contre Toulouse, mardi 21\u00a0octobre \u00e0 20\u00a0h \u00e0 la Narbonne Arena) et il s\u2019agissait au pr\u00e9alable de pr\u00e9senter aux \u00ab\u00a0argentiers\u00a0\u00bb\u00a0du club son\u00a0nouvel effectif pro. Un groupe de 12 joueurs, dont 9 recrues, men\u00e9 par un nouvel entra\u00eeneur, l\u2019Italien Lorenzo Tubertini, qui conna\u00eet d\u00e9j\u00e0 Narbonne pour avoir \u00e9t\u00e9 l\u2019adjoint de Guillermo Falasca lors de la saison 2022-2023.<\/p>\n<p>Un effectif destin\u00e9 \u00e0 ramener le club en play-offs de la Marmara SpikeLigue, l\u2019\u00e9lite du volley fran\u00e7ais o\u00f9 \u00e9volue Narbonne depuis de longues ann\u00e9es. Pour atteindre cet objectif, les Centurions sont parvenus \u00e0 mettre plus d\u2019argent dans le recrutement des joueurs, avec un budget port\u00e9 \u00e0 1,4-1,5\u00a0million\u00a0d&rsquo;euros gr\u00e2ce \u00e0 l\u2019inlassable travail de la \u00ab\u00a0cellule\u00a0\u00bb de recrutement\u2026 de\u00a0partenaires, o\u00f9 s\u2019affairent Pierre-Olivier Roger et Eric Morgoun. \u00ab\u00a0Le nombre de nos partenaires augmente chaque ann\u00e9e depuis trois ans, souligne le pr\u00e9sident du club Bastien Anglade. On en compte 230 cette saison.\u00a0\u00bb<\/p>\n<p>        <img decoding=\"async\" class=\"std-img__img responsive-img\" src=\"https:\/\/www.europesays.com\/fr\/wp-content\/uploads\/2025\/10\/1760215873_367_image.jpg\" alt=\"Le pr\u00e9sident des Centurions Bastien Anglade a pris la parole au cours de la soir\u00e9e.\"\/><\/p>\n<p>                Le pr\u00e9sident des Centurions Bastien Anglade a pris la parole au cours de la soir\u00e9e.<br \/>\n                                    L&rsquo;Ind\u00e9pendant &#8211; Jean-Marc Cornu<\/p>\n<blockquote>\n<p>On passe de tr\u00e8s bons moments \u00e0 l\u2019Arena.<\/p>\n<\/blockquote>\n<p>G\u00e9rant de l\u2019enseigne Point S \u00e0 Narbonne, Pascal Gastou est devenu partenaire la saison derni\u00e8re. Son \u00e9pouse et lui, devenus spectateurs assidus de l\u2019Arena, expliquent pourquoi ils ont \u00ab\u00a0\u00e9pous\u00e9\u00a0\u00bb le\u00a0volley narbonnais et renouvel\u00e9 leur contrat de partenariat cette saison. \u00ab\u00a0Le sport, un peu m\u00e9connu par rapport au rugby, nous pla\u00eet et le club est convivial et a le m\u00e9rite\u00a0d\u2019avancer. Il nous semble assez repr\u00e9sentatif de la ville.\u00a0\u00bb Alors que Bastien Anglade ne manque\u00a0pas de les saluer au passage, leurs yeux s\u2019illuminent\u00a0: \u00ab\u00a0Vous voyez, c\u2019est \u00e7a le volley.\u00a0\u00bb Ils ajoutent\u00a0: \u00ab\u00a0On passe de tr\u00e8s bons moments \u00e0 l\u2019Arena, des soir\u00e9es conviviales. Les\u00a0gens s\u2019y\u00a0parlent facilement, c\u2019est tr\u00e8s amical et pas guind\u00e9. \u00catre partenaire du club permet par ailleurs de faire un peu de commerce\u00a0\u00bb.<\/p>\n<p>        <img decoding=\"async\" class=\"std-img__img responsive-img\" src=\"https:\/\/www.europesays.com\/fr\/wp-content\/uploads\/2025\/10\/1760215874_487_image.jpg\" alt=\"Un parterre de partenaires est venu garnir la cour.\"\/><\/p>\n<p>                Un parterre de partenaires est venu garnir la cour.<br \/>\n                                    L&rsquo;Ind\u00e9pendant &#8211; Jean-Marc Cornu<\/p>\n<p>\u00ab\u00a0Les r\u00e9ceptions d\u2019apr\u00e8s-matchs sont l\u2019occasion de nouer des relations avec d\u2019autres acteurs commerciaux\u00a0\u00bb, t\u00e9moignent \u00e9galement Val\u00e9rie et Michel Mancini. G\u00e9rante de l\u2019enseigne Royal Kids \u00e0 Narbonne, Val\u00e9rie\u00a0est devenue partenaire des Centurions il y a trois ans et carr\u00e9ment actionnaire de la soci\u00e9t\u00e9 anonyme sportive du club depuis deux ans. Royal Kids est par ailleurs sponsor maillot des \u00e9quipes de jeunes. \u00ab\u00a0On conna\u00eet Bastien (Anglade) depuis longtemps et c\u2019est lui qui nous a invit\u00e9s \u00e0 aller voir des matchs. On a aim\u00e9 l\u2019ambiance mais aussi son implication en tant que pr\u00e9sident. Du coup, on en fait\u00a0de temps en temps profiter \u00e0 nos clients en leur offrant des places. On regarde aussi le volley \u00e0 la t\u00e9l\u00e9 et notre fils s\u2019est m\u00eame mis au volley corpo. \u00catre partenaire et sponsor maillot nous apporte de la notori\u00e9t\u00e9.\u00a0\u00bb Il va sans dire\u00a0que la salle d\u00e9di\u00e9e aux jeux d\u2019enfants fera le plein le 31\u00a0octobre pour la traditionnelle soir\u00e9e d\u2019Halloween.<\/p>\n","protected":false},"excerpt":{"rendered":"Jeudi \u00e0 Narbonne se tenait la traditionnelle soir\u00e9e de pr\u00e9sentation aux partenaires des volleyeurs professionnels narbonnais, qui d\u00e9buteront&hellip;\n","protected":false},"author":2,"featured_media":455879,"comment_status":"","ping_status":"","sticky":false,"template":"","format":"standard","meta":{"footnotes":""},"categories":[1417],"tags":[1011,27,60,1470,1469],"class_list":{"0":"post-455878","1":"post","2":"type-post","3":"status-publish","4":"format-standard","5":"has-post-thumbnail","7":"category-volley","8":"tag-fr","9":"tag-france","10":"tag-sports","11":"tag-volley","12":"tag-volleyball"},"share_on_mastodon":{"url":"https:\/\/pubeurope.com\/@fr\/115357515326391601","error":""},"_links":{"self":[{"href":"https:\/\/www.europesays.com\/fr\/wp-json\/wp\/v2\/posts\/455878","targetHints":{"allow":["GET"]}}],"collection":[{"href":"https:\/\/www.europesays.com\/fr\/wp-json\/wp\/v2\/posts"}],"about":[{"href":"https:\/\/www.europesays.com\/fr\/wp-json\/wp\/v2\/types\/post"}],"author":[{"embeddable":true,"href":"https:\/\/www.europesays.com\/fr\/wp-json\/wp\/v2\/users\/2"}],"replies":[{"embeddable":true,"href":"https:\/\/www.europesays.com\/fr\/wp-json\/wp\/v2\/comments?post=455878"}],"version-history":[{"count":0,"href":"https:\/\/www.europesays.com\/fr\/wp-json\/wp\/v2\/posts\/455878\/revisions"}],"wp:featuredmedia":[{"embeddable":true,"href":"https:\/\/www.europesays.com\/fr\/wp-json\/wp\/v2\/media\/455879"}],"wp:attachment":[{"href":"https:\/\/www.europesays.com\/fr\/wp-json\/wp\/v2\/media?parent=455878"}],"wp:term":[{"taxonomy":"category","embeddable":true,"href":"https:\/\/www.europesays.com\/fr\/wp-json\/wp\/v2\/categories?post=455878"},{"taxonomy":"post_tag","embeddable":true,"href":"https:\/\/www.europesays.com\/fr\/wp-json\/wp\/v2\/tags?post=455878"}],"curies":[{"name":"wp","href":"https:\/\/api.w.org\/{rel}","templated":true}]}}