{"id":455882,"date":"2025-10-11T20:53:11","date_gmt":"2025-10-11T20:53:11","guid":{"rendered":"https:\/\/www.europesays.com\/fr\/455882\/"},"modified":"2025-10-11T20:53:11","modified_gmt":"2025-10-11T20:53:11","slug":"medvedev-rend-hommage-a-rinderknech-apres-leur-match-a-shanghai","status":"publish","type":"post","link":"https:\/\/www.europesays.com\/fr\/455882\/","title":{"rendered":"Medvedev rend hommage \u00e0 Rinderknech apr\u00e8s leur match \u00e0 Shanghai"},"content":{"rendered":"<p>                <img decoding=\"async\" src=\"https:\/\/www.europesays.com\/fr\/wp-content\/uploads\/2025\/10\/ThNR.jpg\" fetchpriority=\"high\" alt=\"\u00ab Il m\u00e9rite d\u2019\u00eatre en finale \u00bb : Medvedev rend hommage \u00e0 Rinderknech apr\u00e8s leur match \u00e0 Shanghai\"\/><\/p>\n<p>Apr\u00e8s sa d\u00e9faite en demi-finale du Masters 1000, le Russe souligne la qualit\u00e9 de son adversaire et analyse sa propre performance. Une tourn\u00e9e asiatique exigeante mais encourageante qui pourrait le relancer sur cette fin de saison.<\/p>\n<p>Une tourn\u00e9e asiatique r\u00e9ussie pour Daniil Medvedev ? Bien qu\u2019il n\u2019ait pas d\u00e9croch\u00e9 un titre ou m\u00eame atteint une finale, le Russe peut se satisfaire de son mois pass\u00e9 en Chine, ayant atteint les quarts de finale \u00e0 Hangzhou puis les demi-finales \u00e0 P\u00e9kin et \u00e0 Shanghai.<\/p>\n<p>De quoi relancer une spirale positive pour l\u2019ancien n\u00b01 mondial, d\u00e9sormais accompagn\u00e9 par son nouveau coach Thomas Johansson. Pour le m\u00e9dia russe Bolshe!, Medvedev s\u2019est livr\u00e9 sur sa d\u00e9faite contre Arthur Rinderknech samedi, avant de dresser un bilan de sa performance \u00e0 Shanghai :<\/p>\n<p>\u00ab C\u2019est dommage. Il n\u2019y avait vraiment qu\u2019un seul jeu dans le deuxi\u00e8me set o\u00f9 j\u2019aurais pu jouer un peu mieux. Dans l\u2019ensemble, il a bien servi. Je devais deviner o\u00f9 allait retomber son service et malheureusement je n\u2019ai pas \u00e9t\u00e9 bon \u00e0 ce jeu.<\/p>\n<p>C\u2019est dommage, mais on ne peut pas changer le r\u00e9sultat du match. Il m\u00e9rite d\u2019\u00eatre en finale, il a jou\u00e9 un bon match. J\u2019aurais pu mieux jouer \u00e0 certains moments mais \u00e7a n\u2019a pas fonctionn\u00e9. [\u2026]<\/p>\n<p>Je ressens principalement de la fatigue. C\u2019\u00e9tait un tournoi tr\u00e8s difficile sur le plan physique avec ces conditions climatiques. Je vais avoir quelques jours pour r\u00e9cup\u00e9rer. \u00c7a reste un tournoi r\u00e9ussi. Je peux faire beaucoup mieux, mais c\u2019est d\u00e9j\u00e0 mieux qu\u2019avant. \u00bb<\/p>\n","protected":false},"excerpt":{"rendered":"Apr\u00e8s sa d\u00e9faite en demi-finale du Masters 1000, le Russe souligne la qualit\u00e9 de son adversaire et analyse&hellip;\n","protected":false},"author":2,"featured_media":455883,"comment_status":"","ping_status":"","sticky":false,"template":"","format":"standard","meta":{"footnotes":""},"categories":[1415],"tags":[1011,27,60,1467],"class_list":{"0":"post-455882","1":"post","2":"type-post","3":"status-publish","4":"format-standard","5":"has-post-thumbnail","7":"category-tennis","8":"tag-fr","9":"tag-france","10":"tag-sports","11":"tag-tennis"},"share_on_mastodon":{"url":"https:\/\/pubeurope.com\/@fr\/115357522702276428","error":""},"_links":{"self":[{"href":"https:\/\/www.europesays.com\/fr\/wp-json\/wp\/v2\/posts\/455882","targetHints":{"allow":["GET"]}}],"collection":[{"href":"https:\/\/www.europesays.com\/fr\/wp-json\/wp\/v2\/posts"}],"about":[{"href":"https:\/\/www.europesays.com\/fr\/wp-json\/wp\/v2\/types\/post"}],"author":[{"embeddable":true,"href":"https:\/\/www.europesays.com\/fr\/wp-json\/wp\/v2\/users\/2"}],"replies":[{"embeddable":true,"href":"https:\/\/www.europesays.com\/fr\/wp-json\/wp\/v2\/comments?post=455882"}],"version-history":[{"count":0,"href":"https:\/\/www.europesays.com\/fr\/wp-json\/wp\/v2\/posts\/455882\/revisions"}],"wp:featuredmedia":[{"embeddable":true,"href":"https:\/\/www.europesays.com\/fr\/wp-json\/wp\/v2\/media\/455883"}],"wp:attachment":[{"href":"https:\/\/www.europesays.com\/fr\/wp-json\/wp\/v2\/media?parent=455882"}],"wp:term":[{"taxonomy":"category","embeddable":true,"href":"https:\/\/www.europesays.com\/fr\/wp-json\/wp\/v2\/categories?post=455882"},{"taxonomy":"post_tag","embeddable":true,"href":"https:\/\/www.europesays.com\/fr\/wp-json\/wp\/v2\/tags?post=455882"}],"curies":[{"name":"wp","href":"https:\/\/api.w.org\/{rel}","templated":true}]}}