{"id":455884,"date":"2025-10-11T20:55:13","date_gmt":"2025-10-11T20:55:13","guid":{"rendered":"https:\/\/www.europesays.com\/fr\/455884\/"},"modified":"2025-10-11T20:55:13","modified_gmt":"2025-10-11T20:55:13","slug":"le-retour-de-vinales-nest-pas-un-regret","status":"publish","type":"post","link":"https:\/\/www.europesays.com\/fr\/455884\/","title":{"rendered":"Le retour de Vi\u00f1ales n&rsquo;est pas un regret"},"content":{"rendered":"<p>Apr\u00e8s un abandon en Indon\u00e9sie, Maverick Vi\u00f1ales n\u2019en est pas \u00e0 son premier forfait. Depuis son retour fin septembre en Catalogne, le pilote espagnol a disput\u00e9 seulement 4 grand prix. \u00a0Toujours souffrant \u00e0 son \u00e9paule dont une fracture et des ligaments, il n&rsquo;a pas annonc\u00e9 de retour prochain.\u00a0<\/p>\n<p><b>Un retour au bon moment\u00a0<\/b><\/p>\n<p>Selon le directeur de l\u2019\u00e9quipe Tech 3, Herv\u00e9 Poncharal, le retour de Mavrick Vi\u00f1ales, malgr\u00e9 un forfait, n\u2019est pas un regret. \u201cCela aurait \u00e9t\u00e9 une erreur seulement si un retour anticip\u00e9 avait aggrav\u00e9 sa blessure. Maverick avait encore mal le week-end dernier, et il manque aussi de force, mais sa blessure \u00e0 l&rsquo;\u00e9paule n&rsquo;a pas \u00e9t\u00e9 impact\u00e9e par son retour.\u201d explique-t-il \u00e0 GPOne via des propos relay\u00e9s par <a href=\"https:\/\/fr.motorsport.com\/motogp\/news\/tech3-regrette-pas-retour-vinales-blessure\/10766303\/\" rel=\"nofollow noopener\" target=\"_blank\">motorsport.com<\/a><\/p>\n<p>\u201cNous n&rsquo;avons pas regrett\u00e9 de faire courir Maverick \u00e0 partir de Barcelone. Il s&rsquo;est ensuite rendu compte que sa r\u00e9cup\u00e9ration demandait plus de temps que pr\u00e9vu et ses performances r\u00e9centes n&rsquo;ont pas aid\u00e9 son moral. Avant son accident en Allemagne, Maverick \u00e9tait souvent le meilleur pilote KTM. Il ne veut pas perdre ces sensations positives. Les m\u00e9decins et son kin\u00e9 personnel sont d&rsquo;accord sur le fait qu&rsquo;une pause des courses est la meilleure d\u00e9cision.\u201d, poursuit&#8211;il.\u00a0<\/p>\n<p>\u201cLa frustration de Maverick augmentait peu \u00e0 peu, il \u00e9tait en train de perdre confiance. En Indon\u00e9sie, il a dit qu&rsquo;il \u00e9tait en train de r\u00e9gresser au lieu de progresser. C&rsquo;est la raison pour laquelle nous avons d\u00e9cid\u00e9 ensemble qu&rsquo;il n&rsquo;irait pas plus loin dans le Grand Prix. Il manquera aussi ceux de Phillip Island et de Sepang.\u201d, conclut-il. Maverick Vi\u00f1ales devrait \u00eatre remplac\u00e9 par Pol Espargaro en attendant son retour.\u00a0<\/p>\n<p>    Partagez cette info avec vos amis et vos proches en cliquant ici  <\/p>\n<p> Podcasts \u00e0 la une MEN LIFE <\/p>\n<p>    Pour r\u00e9sumer<\/p>\n<p>Apr\u00e8s un retour de chute, Maverick Vi\u00f1ales souffrant toujours de blessure, est toujours d\u00e9clar\u00e9 inapte \u00e0 courir. De retour en Catalogne mais ayant \u00e9t\u00e9 oblig\u00e9 de d\u00e9clarer forfait, le pilote n&rsquo;a pu courir que 4 courses depuis fin septembre.<\/p>\n<p>R\u00e9dacteur<\/p>\n<p><img decoding=\"async\" width=\"76\" height=\"76\" loading=\"lazy\" src=\"https:\/\/www.europesays.com\/fr\/wp-content\/uploads\/2025\/04\/avatar-sport-am.png\" alt=\"Cylia Espiau\"\/><\/p>\n","protected":false},"excerpt":{"rendered":"Apr\u00e8s un abandon en Indon\u00e9sie, Maverick Vi\u00f1ales n\u2019en est pas \u00e0 son premier forfait. Depuis son retour fin&hellip;\n","protected":false},"author":2,"featured_media":455885,"comment_status":"","ping_status":"","sticky":false,"template":"","format":"standard","meta":{"footnotes":""},"categories":[1413],"tags":[1011,27,1457,1456,60],"class_list":{"0":"post-455884","1":"post","2":"type-post","3":"status-publish","4":"format-standard","5":"has-post-thumbnail","7":"category-moto","8":"tag-fr","9":"tag-france","10":"tag-moto","11":"tag-motocycle","12":"tag-sports"},"share_on_mastodon":{"url":"https:\/\/pubeurope.com\/@fr\/115357530469128846","error":""},"_links":{"self":[{"href":"https:\/\/www.europesays.com\/fr\/wp-json\/wp\/v2\/posts\/455884","targetHints":{"allow":["GET"]}}],"collection":[{"href":"https:\/\/www.europesays.com\/fr\/wp-json\/wp\/v2\/posts"}],"about":[{"href":"https:\/\/www.europesays.com\/fr\/wp-json\/wp\/v2\/types\/post"}],"author":[{"embeddable":true,"href":"https:\/\/www.europesays.com\/fr\/wp-json\/wp\/v2\/users\/2"}],"replies":[{"embeddable":true,"href":"https:\/\/www.europesays.com\/fr\/wp-json\/wp\/v2\/comments?post=455884"}],"version-history":[{"count":0,"href":"https:\/\/www.europesays.com\/fr\/wp-json\/wp\/v2\/posts\/455884\/revisions"}],"wp:featuredmedia":[{"embeddable":true,"href":"https:\/\/www.europesays.com\/fr\/wp-json\/wp\/v2\/media\/455885"}],"wp:attachment":[{"href":"https:\/\/www.europesays.com\/fr\/wp-json\/wp\/v2\/media?parent=455884"}],"wp:term":[{"taxonomy":"category","embeddable":true,"href":"https:\/\/www.europesays.com\/fr\/wp-json\/wp\/v2\/categories?post=455884"},{"taxonomy":"post_tag","embeddable":true,"href":"https:\/\/www.europesays.com\/fr\/wp-json\/wp\/v2\/tags?post=455884"}],"curies":[{"name":"wp","href":"https:\/\/api.w.org\/{rel}","templated":true}]}}