{"id":455886,"date":"2025-10-11T20:56:10","date_gmt":"2025-10-11T20:56:10","guid":{"rendered":"https:\/\/www.europesays.com\/fr\/455886\/"},"modified":"2025-10-11T20:56:10","modified_gmt":"2025-10-11T20:56:10","slug":"mohammed-ben-sulayem-sans-opposition","status":"publish","type":"post","link":"https:\/\/www.europesays.com\/fr\/455886\/","title":{"rendered":"Mohammed Ben Sulayem sans opposition"},"content":{"rendered":"<p data-start=\"0\" data-end=\"619\">Ces derni\u00e8res semaines, des<br \/>\ndiscussions autour d\u2019\u00e9ventuels candidats d\u2019opposition avaient anim\u00e9<br \/>\nles coulisses du sport automobile, avec Laura Villars, Virginie<br \/>\nPhilpott et Tim Mayer (ancien commissaire sportif en F1) ayant<br \/>\nd\u00e9clar\u00e9 leur intention de se pr\u00e9senter \u00e0 la pr\u00e9sidence de la<br \/>\nf\u00e9d\u00e9ration.<\/p>\n<p data-start=\"0\" data-end=\"619\">Cependant, un nouveau<br \/>\nrebondissement pourrait \u00e9carter ces trois candidatures avant m\u00eame<br \/>\nle premier tour de scrutin.<\/p>\n<p>Terrain min\u00e9<\/p>\n<p data-start=\"621\" data-end=\"1337\">Pour qu\u2019un candidat puisse se<br \/>\npr\u00e9senter \u00e0 la pr\u00e9sidence de la FIA, il doit imp\u00e9rativement<br \/>\nconstituer une \u00ab liste pr\u00e9sidentielle \u00bb compos\u00e9e de dix personnes :<br \/>\nun Pr\u00e9sident du S\u00e9nat, un Vice-pr\u00e9sident d\u00e9l\u00e9gu\u00e9 \u00e0 la Mobilit\u00e9<br \/>\nautomobile et au Tourisme, un Vice-pr\u00e9sident d\u00e9l\u00e9gu\u00e9 au Sport, et<br \/>\nsept Vice-pr\u00e9sidents suppl\u00e9mentaires pour le Sport repr\u00e9sentant<br \/>\ndiff\u00e9rentes r\u00e9gions du monde.<\/p>\n<p data-start=\"621\" data-end=\"1337\">Ces sept vice-pr\u00e9sidents<br \/>\ndoivent \u00eatre choisis parmi une liste de personnes pr\u00e9alablement<br \/>\napprouv\u00e9es par la FIA comme \u00e9ligibles au Conseil Mondial du Sport<br \/>\nAutomobile (CMSA). La r\u00e9partition est la suivante : Am\u00e9rique du<br \/>\nNord (1), Am\u00e9rique du Sud (1), Afrique (1), Moyen-Orient et Afrique<br \/>\ndu Nord (1), Asie-Pacifique (1) et Europe (2).<\/p>\n<p>Fabiana Ecclestone, sinon<br \/>\nrien&#8230;<\/p>\n<p data-start=\"1339\" data-end=\"1981\">La FIA a r\u00e9cemment publi\u00e9 la<br \/>\nliste des 29 personnes jug\u00e9es \u00e9ligibles pour si\u00e9ger au CMSA. Dans<br \/>\nla cat\u00e9gorie Am\u00e9rique du Sud, une seule candidate appara\u00eet :<br \/>\nFabiana Ecclestone, \u00e9pouse de l\u2019ancien patron de la Formule 1<br \/>\nBernie Ecclestone.<\/p>\n<p data-start=\"1339\" data-end=\"1981\">Actuelle vice-pr\u00e9sidente, elle<br \/>\na publiquement exprim\u00e9 son soutien \u00e0 Mohammed Ben Sulayem, et \u00e9tant<br \/>\nl\u2019unique repr\u00e9sentante sud-am\u00e9ricaine, cela emp\u00eache automatiquement<br \/>\ntout autre candidat de constituer une liste compl\u00e8te conforme aux<br \/>\nstatuts.<\/p>\n<p data-start=\"1339\" data-end=\"1981\">Le r\u00e8glement \u00e9lectoral pr\u00e9cise<br \/>\nqu\u2019une personne ne peut figurer que sur une seule liste<br \/>\npr\u00e9sidentielle, excluant toute possibilit\u00e9 pour les autres<br \/>\ncandidats de \u00ab partager \u00bb Fabiana Ecclestone.<\/p>\n<p>Deadline le 24 octobre<\/p>\n<p data-start=\"1983\" data-end=\"2529\" data-is-last-node=\"\" data-is-only-node=\"\">La situation se complique encore davantage<br \/>\npour Tim Mayer et les autres candidats. Les repr\u00e9sentants<br \/>\nafricains, Rodrigo Rocha et Amina C. Mohammed, sont eux aussi des<br \/>\nsoutiens d\u00e9clar\u00e9s de Ben Sulayem, verrouillant ainsi d\u2019autres<br \/>\npostes cl\u00e9s n\u00e9cessaires \u00e0 une candidature concurrente.<\/p>\n<p data-start=\"1983\" data-end=\"2529\" data-is-last-node=\"\" data-is-only-node=\"\">Les listes pr\u00e9sidentielles doivent \u00eatre<br \/>\nsoumises avant le 24 octobre, et l\u2019\u00e9lection est pr\u00e9vue pour le 12<br \/>\nd\u00e9cembre. Mohammed Ben Sulayem brigue un deuxi\u00e8me mandat \u00e0 la t\u00eate<br \/>\nde la FIA, et \u00e0 ce stade, tout semble indiquer qu\u2019il pourrait \u00eatre<br \/>\nr\u00e9\u00e9lu sans opposition.<\/p>\n","protected":false},"excerpt":{"rendered":"Ces derni\u00e8res semaines, des discussions autour d\u2019\u00e9ventuels candidats d\u2019opposition avaient anim\u00e9 les coulisses du sport automobile, avec Laura&hellip;\n","protected":false},"author":2,"featured_media":455887,"comment_status":"","ping_status":"","sticky":false,"template":"","format":"standard","meta":{"footnotes":""},"categories":[1412],"tags":[58122,1451,5088,1452,1453,1454,1455,1011,27,60],"class_list":{"0":"post-455886","1":"post","2":"type-post","3":"status-publish","4":"format-standard","5":"has-post-thumbnail","7":"category-f1","8":"tag-ben-sulayem","9":"tag-f1","10":"tag-fia","11":"tag-formula-1","12":"tag-formula1","13":"tag-formule-1","14":"tag-formule1","15":"tag-fr","16":"tag-france","17":"tag-sports"},"share_on_mastodon":{"url":"https:\/\/pubeurope.com\/@fr\/115357534372109366","error":""},"_links":{"self":[{"href":"https:\/\/www.europesays.com\/fr\/wp-json\/wp\/v2\/posts\/455886","targetHints":{"allow":["GET"]}}],"collection":[{"href":"https:\/\/www.europesays.com\/fr\/wp-json\/wp\/v2\/posts"}],"about":[{"href":"https:\/\/www.europesays.com\/fr\/wp-json\/wp\/v2\/types\/post"}],"author":[{"embeddable":true,"href":"https:\/\/www.europesays.com\/fr\/wp-json\/wp\/v2\/users\/2"}],"replies":[{"embeddable":true,"href":"https:\/\/www.europesays.com\/fr\/wp-json\/wp\/v2\/comments?post=455886"}],"version-history":[{"count":0,"href":"https:\/\/www.europesays.com\/fr\/wp-json\/wp\/v2\/posts\/455886\/revisions"}],"wp:featuredmedia":[{"embeddable":true,"href":"https:\/\/www.europesays.com\/fr\/wp-json\/wp\/v2\/media\/455887"}],"wp:attachment":[{"href":"https:\/\/www.europesays.com\/fr\/wp-json\/wp\/v2\/media?parent=455886"}],"wp:term":[{"taxonomy":"category","embeddable":true,"href":"https:\/\/www.europesays.com\/fr\/wp-json\/wp\/v2\/categories?post=455886"},{"taxonomy":"post_tag","embeddable":true,"href":"https:\/\/www.europesays.com\/fr\/wp-json\/wp\/v2\/tags?post=455886"}],"curies":[{"name":"wp","href":"https:\/\/api.w.org\/{rel}","templated":true}]}}