{"id":455888,"date":"2025-10-11T20:57:10","date_gmt":"2025-10-11T20:57:10","guid":{"rendered":"https:\/\/www.europesays.com\/fr\/455888\/"},"modified":"2025-10-11T20:57:10","modified_gmt":"2025-10-11T20:57:10","slug":"cyclo-cross-de-saint-rambert-dalbon-damien-beton-1er-actualite","status":"publish","type":"post","link":"https:\/\/www.europesays.com\/fr\/455888\/","title":{"rendered":"Cyclo-cross de Saint-Rambert d&rsquo;Albon : Damien Beton 1er &#8211; Actualit\u00e9"},"content":{"rendered":"<p style=\"text-align: justify;\">Damien Beton (UC P\u00e9lussin Loire Pilat) a remport\u00e9, ce samedi, le cyclo-cross de Saint-Rambert-d&rsquo;Albon (Dr\u00f4me), organis\u00e9 par le VC Rambertois. Il a devanc\u00e9 Nicolas Reculeau (UC Montmeyran Valence) et Lohan Bariot (Salon Cyclosport).<br \/>Damien Beton succ\u00e8de \u00e0 Sandy Dujardin (TotalEnergies) au palmar\u00e8s.<\/p>\n<p><strong>Classement non-officiel :<\/strong><\/p>\n<p style=\"text-align: justify;\"><strong>S\u00e9niors, U23 et Masters<\/strong><br \/>1 BETON Damien UNION CYCLISTE PELUSSIN LOIRE PILAT Elite<br \/>2 RECULEAU Nicolas UC MONTMEYRAN VALENCE Open 1<br \/>3 BARIOT Lohan SALON CYCLOSPORT Open 2<br \/>4 PONCHON Eliote V.C. VILLEFRANCHE BEAUJOLAIS Open 1<br \/>5 HOAREAU S\u00e9bastien V.C. VILLEFRANCHE BEAUJOLAIS Open 2<br \/>6 RAISIN Thibaud SJVC MONTELIMAR Open 2<br \/>7 VINSON Aur\u00e9lien ISTRES SPORT CYCLISME Open 1<br \/>8 FARNIER Julien V.S. ROMANAIS PEAGEOIS Open 2<br \/>9 GERY Evan V.C. RAMBERTOIS Open 2<br \/>10 DESRIEUX Erwan V.S. ROMANAIS PEAGEOIS Open 2<br \/>11 MONCOUTIE Matt\u00e9o V.C. VILLEFRANCHE BEAUJOLAIS Open 1<br \/>12 BONNEFOY J\u00e9r\u00e9mie C.R.4 CHEMINS\/ROANNE Open 2<br \/>13 MILLAT William V.C. VILLEFRANCHE BEAUJOLAIS Open 1<br \/>14 CHARRIER Kylian VC LE THOR GADAGNE Open 2<br \/>15 BOUR Adrien SJVC MONTELIMAR Open 2<br \/>16 BONNEFOY Nicolas C.R.4 CHEMINS\/ROANNE Open 1<br \/>17 BARIOT Samuel SALON CYCLOSPORT Open 3<br \/>18 GENTHON Lionel ISATIS CYCLING TEAM Open 2<br \/>19 PERROT Guillaume CC ST MARTINOIS Open 3<br \/>20 BREYSSE Baptiste UC MONTMEYRAN VALENCE Open 3<\/p>\n<p>Remerciements \u00e0 Manu Bonnefoy.<\/p>\n","protected":false},"excerpt":{"rendered":"Damien Beton (UC P\u00e9lussin Loire Pilat) a remport\u00e9, ce samedi, le cyclo-cross de Saint-Rambert-d&rsquo;Albon (Dr\u00f4me), organis\u00e9 par le&hellip;\n","protected":false},"author":2,"featured_media":455889,"comment_status":"","ping_status":"","sticky":false,"template":"","format":"standard","meta":{"footnotes":""},"categories":[1411],"tags":[834,828,836,829,837,827,83,826,824,823,1154,207,814,817,815,816,822,821,832,211,839,1011,27,820,818,819,835,831,830,833,838,60,212,208,825],"class_list":{"0":"post-455888","1":"post","2":"type-post","3":"status-publish","4":"format-standard","5":"has-post-thumbnail","7":"category-cyclisme","8":"tag-attaque","9":"tag-belgique","10":"tag-braquet","11":"tag-bretagne","12":"tag-chute","13":"tag-competition","14":"tag-coupe-de-france","15":"tag-coureur","16":"tag-course-cyclisme","17":"tag-course-cycliste","18":"tag-cycling","19":"tag-cyclisme","20":"tag-direct","21":"tag-direct-velo","22":"tag-directvelo","23":"tag-directvelo-com","24":"tag-epreuve","25":"tag-epreuve-cycliste","26":"tag-federation-francaise-de-cyclisme","27":"tag-ffc","28":"tag-flandres","29":"tag-fr","30":"tag-france","31":"tag-live","32":"tag-live-course","33":"tag-live-epreuve","34":"tag-peloton","35":"tag-radio-peloton","36":"tag-radio-tour","37":"tag-ravitaillement","38":"tag-relance","39":"tag-sports","40":"tag-uci","41":"tag-velo","42":"tag-velos"},"share_on_mastodon":{"url":"https:\/\/pubeurope.com\/@fr\/115357538439389621","error":""},"_links":{"self":[{"href":"https:\/\/www.europesays.com\/fr\/wp-json\/wp\/v2\/posts\/455888","targetHints":{"allow":["GET"]}}],"collection":[{"href":"https:\/\/www.europesays.com\/fr\/wp-json\/wp\/v2\/posts"}],"about":[{"href":"https:\/\/www.europesays.com\/fr\/wp-json\/wp\/v2\/types\/post"}],"author":[{"embeddable":true,"href":"https:\/\/www.europesays.com\/fr\/wp-json\/wp\/v2\/users\/2"}],"replies":[{"embeddable":true,"href":"https:\/\/www.europesays.com\/fr\/wp-json\/wp\/v2\/comments?post=455888"}],"version-history":[{"count":0,"href":"https:\/\/www.europesays.com\/fr\/wp-json\/wp\/v2\/posts\/455888\/revisions"}],"wp:featuredmedia":[{"embeddable":true,"href":"https:\/\/www.europesays.com\/fr\/wp-json\/wp\/v2\/media\/455889"}],"wp:attachment":[{"href":"https:\/\/www.europesays.com\/fr\/wp-json\/wp\/v2\/media?parent=455888"}],"wp:term":[{"taxonomy":"category","embeddable":true,"href":"https:\/\/www.europesays.com\/fr\/wp-json\/wp\/v2\/categories?post=455888"},{"taxonomy":"post_tag","embeddable":true,"href":"https:\/\/www.europesays.com\/fr\/wp-json\/wp\/v2\/tags?post=455888"}],"curies":[{"name":"wp","href":"https:\/\/api.w.org\/{rel}","templated":true}]}}