{"id":455890,"date":"2025-10-11T20:58:15","date_gmt":"2025-10-11T20:58:15","guid":{"rendered":"https:\/\/www.europesays.com\/fr\/455890\/"},"modified":"2025-10-11T20:58:15","modified_gmt":"2025-10-11T20:58:15","slug":"eirik-horneland-veut-le-joueur-le-plus-decisif-de-ligue-2","status":"publish","type":"post","link":"https:\/\/www.europesays.com\/fr\/455890\/","title":{"rendered":"Eirik Horneland veut le joueur le plus d\u00e9cisif de Ligue 2"},"content":{"rendered":"<p>Avec <strong>20 pts r\u00e9cup\u00e9r\u00e9s apr\u00e8s 9 journ\u00e9es<\/strong>, <a href=\"https:\/\/www.dailymercato.com\/club\/as-saint-etienne-20\" rel=\"nofollow noopener\" target=\"_blank\">l&rsquo;AS Saint-Etienne<\/a> peut s&rsquo;estimer heureuse de ses premiers pas en Ligue 2. Les 25M\u20ac d\u00e9pens\u00e9s lors du mercato de l&rsquo;ASSE expliquent cependant les performances des Verts.<\/p>\n<p>Loin d&rsquo;\u00eatre exceptionnels sur le terrain, les hommes d&rsquo;Eirik Horneland sont toutefois en piste pour retrouver la Ligue 1 d&rsquo;ici la fin de saison. Cependant, le titre est encore loin d&rsquo;\u00eatre acquis. <strong>L&rsquo;ESTAC Troyes et le Pau FC suivent le rythme <\/strong>de la bande \u00e0 Lucas Stassin.<\/p>\n<p>Le mercato de l&rsquo;ASSE veut relancer une piste<\/p>\n<p>En parlant de l&rsquo;attaquant belge, Ivan Gazidis devrait se pr\u00e9parer \u00e0 perdre sa p\u00e9pite. A moins que <a href=\"https:\/\/www.dailymercato.com\/news\/asse-lucas-stassin-envoit-un-message-fort-a-rudi-garcia\" rel=\"nofollow noopener\" target=\"_blank\">Lucas Stassin continue de planter des doubl\u00e9s avec les U21<\/a>. C\u00f4t\u00e9 arriv\u00e9e, <strong>le mercato de l&rsquo;ASSE devrait aussi renforcer le groupe d&rsquo;Eirik Horneland<\/strong>.<\/p>\n<p><a href=\"https:\/\/www.dailymercato.com\/news\/mercato-asse-un-ancien-du-losc-pour-boucler-le-recrutement-estival\" rel=\"nofollow noopener\" target=\"_blank\">Pist\u00e9 en ao\u00fbt dernier<\/a>, Enzo Bardeli est toujours dans les petits papiers de l&rsquo;ASSE (En Vert et Contre Tous). Le milieu de 24 ans r\u00e9alise un d\u00e9but de saison exceptionnel avec l&rsquo;USL Dunkerque. Passeur \u00e0 3 reprises, <strong>Bardeli est aussi le 2e meilleur buteur de Ligue 2<\/strong> avec 4 unit\u00e9s.<\/p>\n<p>Des stats qui motivent Ivan Gazidis \u00e0 se pencher pour le transfert d&rsquo;Enzo Bardeli cet hiver. Mais alors que <a href=\"https:\/\/www.dailymercato.com\/news\/mercato-asse-la-concurrence-est-rude-pour-enzo-bardeli\" rel=\"nofollow noopener\" target=\"_blank\">la concurrence \u00e9tait d\u00e9j\u00e0 rude<\/a> ces derniers mois, d&rsquo;autres clubs devraient s&rsquo;inviter dans le dossier du milieu dunkerkois apr\u00e8s ses d\u00e9buts canons en Ligue 2. Reste \u00e0 savoir si l&rsquo;ASSE parviendra \u00e0 faire craquer l&rsquo;USLD pour offrir une belle option au milieu de terrain.<\/p>\n<blockquote class=\"twitter-tweet\"><p>&#13;<\/p>\n<p dir=\"ltr\" lang=\"fr\">(\ud83d\udfe2\ud83d\udfe2)<\/p>\n<p>\ud83d\udea8Saint-\u00c9tienne est toujours tr\u00e8s int\u00e9ress\u00e9 \ud83d\udc40 par Enzo Bardeli \ud83c\uddeb\ud83c\uddf7<\/p>\n<p>\u27a1\ufe0fL\u2019excellent d\u00e9but de saison du milieu cr\u00e9ateur donne des id\u00e9es aux dirigeants st\u00e9phanois \ud83c\udfaf<a href=\"https:\/\/twitter.com\/hashtag\/ASSE?src=hash&amp;ref_src=twsrc%5Etfw\" rel=\"nofollow noopener\" target=\"_blank\">#ASSE<\/a> <a href=\"https:\/\/twitter.com\/hashtag\/USLD?src=hash&amp;ref_src=twsrc%5Etfw\" rel=\"nofollow noopener\" target=\"_blank\">#USLD<\/a> <\/p>\n<p>(<a href=\"https:\/\/twitter.com\/Site_Evect?ref_src=twsrc%5Etfw\" rel=\"nofollow noopener\" target=\"_blank\">@Site_Evect<\/a>) <a href=\"https:\/\/t.co\/sLkcFlxX2g\" rel=\"nofollow\">pic.twitter.com\/sLkcFlxX2g<\/a><\/p>\n<p>&#13;<br \/>\n\u2014 Transfert Radar (@TransfertRadar) <a href=\"https:\/\/twitter.com\/TransfertRadar\/status\/1976972264689352827?ref_src=twsrc%5Etfw\" rel=\"nofollow noopener\" target=\"_blank\">October 11, 2025<\/a><\/p><\/blockquote>\n<p>Supporter st\u00e9phanois, je ne perds pas espoir de revoir les Verts retrouver les sommets. En attendant, je m&rsquo;en remets aux autres clubs historiques du football fran\u00e7ais pour prendre mon mal en patience, et ainsi admirer des clubs comme le RC Lens.<\/p>\n<p>            <script async src=\"https:\/\/platform.twitter.com\/widgets.js\" charset=\"utf-8\"><\/script><\/p>\n","protected":false},"excerpt":{"rendered":"Avec 20 pts r\u00e9cup\u00e9r\u00e9s apr\u00e8s 9 journ\u00e9es, l&rsquo;AS Saint-Etienne peut s&rsquo;estimer heureuse de ses premiers pas en Ligue&hellip;\n","protected":false},"author":2,"featured_media":195865,"comment_status":"","ping_status":"","sticky":false,"template":"","format":"standard","meta":{"footnotes":""},"categories":[1410],"tags":[63,1011,27,60],"class_list":{"0":"post-455890","1":"post","2":"type-post","3":"status-publish","4":"format-standard","5":"has-post-thumbnail","7":"category-football","8":"tag-football","9":"tag-fr","10":"tag-france","11":"tag-sports"},"share_on_mastodon":{"url":"https:\/\/pubeurope.com\/@fr\/115357542321594613","error":""},"_links":{"self":[{"href":"https:\/\/www.europesays.com\/fr\/wp-json\/wp\/v2\/posts\/455890","targetHints":{"allow":["GET"]}}],"collection":[{"href":"https:\/\/www.europesays.com\/fr\/wp-json\/wp\/v2\/posts"}],"about":[{"href":"https:\/\/www.europesays.com\/fr\/wp-json\/wp\/v2\/types\/post"}],"author":[{"embeddable":true,"href":"https:\/\/www.europesays.com\/fr\/wp-json\/wp\/v2\/users\/2"}],"replies":[{"embeddable":true,"href":"https:\/\/www.europesays.com\/fr\/wp-json\/wp\/v2\/comments?post=455890"}],"version-history":[{"count":0,"href":"https:\/\/www.europesays.com\/fr\/wp-json\/wp\/v2\/posts\/455890\/revisions"}],"wp:featuredmedia":[{"embeddable":true,"href":"https:\/\/www.europesays.com\/fr\/wp-json\/wp\/v2\/media\/195865"}],"wp:attachment":[{"href":"https:\/\/www.europesays.com\/fr\/wp-json\/wp\/v2\/media?parent=455890"}],"wp:term":[{"taxonomy":"category","embeddable":true,"href":"https:\/\/www.europesays.com\/fr\/wp-json\/wp\/v2\/categories?post=455890"},{"taxonomy":"post_tag","embeddable":true,"href":"https:\/\/www.europesays.com\/fr\/wp-json\/wp\/v2\/tags?post=455890"}],"curies":[{"name":"wp","href":"https:\/\/api.w.org\/{rel}","templated":true}]}}