{"id":455893,"date":"2025-10-11T21:00:27","date_gmt":"2025-10-11T21:00:27","guid":{"rendered":"https:\/\/www.europesays.com\/fr\/455893\/"},"modified":"2025-10-11T21:00:27","modified_gmt":"2025-10-11T21:00:27","slug":"le-meilleur-ouvrier-de-france-robin-da-silva-partage-son-savoir-faire-dans-leure","status":"publish","type":"post","link":"https:\/\/www.europesays.com\/fr\/455893\/","title":{"rendered":"Le meilleur ouvrier de France Robin da Silva partage son savoir-faire dans l&rsquo;Eure"},"content":{"rendered":"<p>            Par<br \/>\n        <strong><br \/>\n            <a href=\"https:\/\/actu.fr\/auteur\/redaction-impartial\" title=\"Consulter tous les articles de R\u00e9daction L&#039;Impartial\" target=\"_blank\" rel=\"noopener\">R\u00e9daction L&rsquo;Impartial<\/a><br \/>\n        <\/strong><\/p>\n<p>        Publi\u00e9 le<\/p>\n<p>            10 oct. 2025 \u00e0 13h22        <\/p>\n<p>Robin da Silva, sculpteur et meilleur ouvrier de France 2023 n\u2019a pas ch\u00f4m\u00e9 \u00e0 l\u2019occasion des Journ\u00e9es europ\u00e9ennes du Patrimoine de l\u2019\u00e9dition 2025.<\/p>\n<p class=\" wall-content\">Il d\u00e9voilait l\u2019\u00e9tendue de son univers cr\u00e9atif au parc du ch\u00e2teau de Gisors (Eure).<\/p>\n<p class=\" wall-content\">\u00c2g\u00e9 de 35 ans, il a su captiver un public vari\u00e9 en pr\u00e9sentant son m\u00e9tier et en d\u00e9voilant les secrets de la sculpture sur pierre.<\/p>\n<p class=\" wall-content\">Install\u00e9 depuis deux ans sur la commune de Gisors, son atelier est le th\u00e9\u00e2tre de cr\u00e9ations qui marient tradition et passion.<\/p>\n<p>Un artisanat entre tradition et projets ambitieux<\/p>\n<p class=\" wall-content\">Au c\u0153ur de son travail, on trouve deux techniques principales : l\u2019estampage, qui consiste \u00e0 r\u00e9aliser des moulages directement sur des fa\u00e7ades pour cr\u00e9er des reproductions, et le modelage direct, o\u00f9 la pi\u00e8ce est con\u00e7ue en terre avant d\u2019\u00eatre moul\u00e9e en pl\u00e2tre puis taill\u00e9e dans la pierre.<\/p>\n<p>Vid\u00e9os : en ce moment sur Actu<\/p>\n<p class=\" wall-content\">Il utilise pour ses cr\u00e9ations une pierre tendre, la \u00ab faune maxima fine \u00bb, extraite dans l\u2019Oise.<\/p>\n<p>Votre r\u00e9gion, votre actu !<\/p>\n<p>Recevez chaque jour les infos qui comptent pour vous.<\/p>\n<p>\t<a href=\"https:\/\/actu.fr\/newsletter\" class=\"ac-btn ac-btn--corner ac-btn--medium ac-btn--blue800\" target=\"_blank\" rel=\"noopener\">S&rsquo;incrire<\/a><\/p>\n<p class=\" wall-content\">Son entreprise, l\u2019Atelier RTS Sculpture, dessert une client\u00e8le de particuliers et de collectivit\u00e9s, travaillant sur des projets allant de bustes intimes \u00e0 des statues monumentales de plus de trois m\u00e8tres de haut.<\/p>\n<p class=\" wall-content\">Il a su se faire un nom dans la r\u00e9gion du Vexin, mais a aussi r\u00e9alis\u00e9 des projets plus lointains, comme des fontaines \u00e0 Duba\u00ef. Il s\u2019est exprim\u00e9 sur sa vision du m\u00e9tier en ces termes.<\/p>\n<blockquote class=\"ac-article-quote wall-content\">\n<p>\u00ab Mon exigence de r\u00e9aliser tout \u00e0 la main est aussi mon gage de qualit\u00e9, car pour ma part, un m\u00e9tier manuel doit le rester, sinon il perd tout son sens. \u00bb<\/p>\n<\/blockquote>\n<p class=\" wall-content\">Robin da Silva, qui est aussi intervenu sur des chantiers pour le manoir de la Ferme de Vaux, la coll\u00e9giale des Andelys et le ch\u00e2teau de Pablo-Picasso \u00e0 Gisors, souhaite continuer de laisser sa marque sur le patrimoine local.<\/p>\n<p><img loading=\"lazy\" decoding=\"async\" src=\"https:\/\/www.europesays.com\/fr\/wp-content\/uploads\/2025\/10\/f7198d781d9862c198d781d9810298v-640x427.jpeg\" alt=\"\" width=\"640\" height=\"427\"\/>Le v\u00e9ritable tr\u00e9sor de la forteresse : les graffitis<\/p>\n<p>L&rsquo;id\u00e9e que le tr\u00e9sor des Templiers soit pass\u00e9 par Gisors et qu&rsquo;il y a peut-\u00eatre \u00e9t\u00e9 cach\u00e9 en a fait r\u00eaver beaucoup. Beaucoup trop. Rien n&rsquo;a \u00e9t\u00e9 semble-t-il \u00e9t\u00e9 trouv\u00e9 malgr\u00e9 les innombrables fouilles ill\u00e9gales. La l\u00e9gende reste l\u00e9gende. Le ch\u00e2teau de Gisors poss\u00e8de pourtant un v\u00e9ritable tr\u00e9sor\u2009: ses graffitis, en particulier ceux de la tour du prisonnier, labellis\u00e9s Tr\u00e9sor du Vexin Normand.<br \/>&#13;<br \/>\n\u00c0 ne pas confondre avec leurs contemporains r\u00e9alis\u00e9s avec des a\u00e9rosols\u2009; ici, ce sont des gravures, plus ou moins profondes, \u00e0 tel point que certains sont consid\u00e9r\u00e9s comme des bas-reliefs.<br \/>&#13;<br \/>\nDans le cachot de la tour du Prisonnier, les rayons du soleil p\u00e9n\u00e9trant par les quatre minces ouvertures laissent entrapercevoir plusieurs dizaines de sc\u00e8nes, dont une majeure partie religieuse. \u00ab\u00a0\u2009La l\u00e9gende dit qu&rsquo;un seul prisonnier aurait \u00e9t\u00e9 enferm\u00e9 ici et il aurait retir\u00e9 le seul clou de la porte. Avec ce clou, il aurait fait tous les graffitis\u2009\u00a0\u00bb, narre Anne Puech d&rsquo;Alissac, l&rsquo;adjointe au maire en charge du Patrimoine. L&rsquo;identit\u00e9 du myst\u00e9rieux prisonnier intrigue depuis plusieurs centaines d&rsquo;ann\u00e9es.<br \/>&#13;<br \/>\n\u00ab\u00a0\u2009On suppute trois choses sur l&rsquo;origine de ces graffitis\u2009: soit des personnes, religieuses ou non, qui voulaient s&rsquo;\u00e9lever spirituellement\u2009; \u00e7a peut \u00eatre des sculpteurs qui travaillaient sur l&rsquo;\u00e9glise de Gisors\u2009; ou derni\u00e8re possibilit\u00e9, \u00e7a peut \u00eatre des prisonniers\u2009\u00a0\u00bb, continue l&rsquo;\u00e9lue. Certains graffitis donnent des indications sur l&rsquo;\u00e9poque.<br \/>&#13;<br \/>\n\u00ab\u00a0\u2009On sait que certains datent du 16e si\u00e8cle. On a une sc\u00e8ne avec des Am\u00e9rindiens datant de 1550 repr\u00e9sentant le spectacle offert \u00e0 Henri II lors de son arriv\u00e9e \u00e0 Rouen\u2009\u00a0\u00bb, visualise-t-elle. La visite de Victor Hugo et l&rsquo;inscription de son nom sur une pierre contribuent \u00e0 la renomm\u00e9e de la tour. \u00ab\u00a0\u2009Dans un mus\u00e9e \u00e0 Paris, il y a un dessin qu&rsquo;il a fait repr\u00e9sentant ces graffitis avec l&rsquo;inscription\u2009: Tour de Gisors &#8211; Dessin de prisonniers. On peut lire sa signature qu&rsquo;il a appos\u00e9e sur un mur.\u2009\u00a0\u00bb D\u00e9sormais ouverte au public, la tour du prisonnier offre aux visiteurs une vue sur l&rsquo;Histoire de la r\u00e9gion et du ch\u00e2teau \u00e0 360\u00b0.<\/p>\n<p>Transmettre<\/p>\n<p class=\" wall-content\">Au-del\u00e0 de ses r\u00e9alisations, l\u2019artisan a un objectif clair : la transmission de son savoir-faire. Il a d\u00e9j\u00e0 accueilli une apprentie et aspire \u00e0 en former davantage.<\/p>\n<blockquote class=\"ac-article-quote wall-content\">\n<p>\u00ab Je souhaite dans quelques ann\u00e9es pouvoir embaucher un ou deux apprentis et deux, trois ouvriers afin de partager ma passion. Trop peu de jeunes connaissent ce m\u00e9tier et je souhaite faire de mon mieux pour donner l\u2019envie aux jeunes de d\u00e9couvrir cet artisanat et partager mon savoir-faire manuel pour faire perdurer la tradition du m\u00e9tier. \u00bb<\/p>\n<\/blockquote>\n<p class=\" wall-content\">Ce d\u00e9sir de former la prochaine g\u00e9n\u00e9ration et de partager son savoir \u00e9tait au c\u0153ur de l\u2019action men\u00e9e ce week-end au ch\u00e2teau de Gisors.<\/p>\n<p>Atelier de Robin Da Silva, 17 rue du Calvaire \u00e0 Gisors. T\u00e9l : 06 33 48 96 84. Email\u00a0: <a href=\"https:\/\/actu.fr\/cdn-cgi\/l\/email-protection\" class=\"__cf_email__\" data-cfemail=\"365742535a5f5344764459545f585257455f5a4057185044\" target=\"_blank\" rel=\"noopener\">[email\u00a0protected]<\/a><\/p>\n<p class=\" wall-content\">Personnalisez votre actualit\u00e9 en ajoutant vos villes et m\u00e9dias en favori avec <a href=\"https:\/\/moncompte.actu.fr\" title=\"D\u00e9couvez Mon Actu\" rel=\"nofollow noopener\" data-trk=\"{&quot;cta&quot;:{&quot;action&quot;:&quot;https:\\\/\\\/moncompte.actu.fr&quot;,&quot;category&quot;:&quot;mon compte&quot;,&quot;from&quot;:&quot;article footer&quot;,&quot;name&quot;:&quot;Mon actu&quot;,&quot;type&quot;:&quot;cta&quot;}}\" target=\"_blank\">Mon Actu<\/a>.<\/p>\n","protected":false},"excerpt":{"rendered":"Par R\u00e9daction L&rsquo;Impartial Publi\u00e9 le 10 oct. 2025 \u00e0 13h22 Robin da Silva, sculpteur et meilleur ouvrier de&hellip;\n","protected":false},"author":2,"featured_media":455894,"comment_status":"","ping_status":"","sticky":false,"template":"","format":"standard","meta":{"footnotes":""},"categories":[1358],"tags":[1477,1348,1384,1385,1386,58,59,1011,27,36285,104],"class_list":{"0":"post-455893","1":"post","2":"type-post","3":"status-publish","4":"format-standard","5":"has-post-thumbnail","7":"category-arts-et-design","8":"tag-artisanat","9":"tag-arts","10":"tag-arts-and-design","11":"tag-arts-et-design","12":"tag-design","13":"tag-divertissement","14":"tag-entertainment","15":"tag-fr","16":"tag-france","17":"tag-le-vexin-normand","18":"tag-societe"},"share_on_mastodon":{"url":"https:\/\/pubeurope.com\/@fr\/115357550738320816","error":""},"_links":{"self":[{"href":"https:\/\/www.europesays.com\/fr\/wp-json\/wp\/v2\/posts\/455893","targetHints":{"allow":["GET"]}}],"collection":[{"href":"https:\/\/www.europesays.com\/fr\/wp-json\/wp\/v2\/posts"}],"about":[{"href":"https:\/\/www.europesays.com\/fr\/wp-json\/wp\/v2\/types\/post"}],"author":[{"embeddable":true,"href":"https:\/\/www.europesays.com\/fr\/wp-json\/wp\/v2\/users\/2"}],"replies":[{"embeddable":true,"href":"https:\/\/www.europesays.com\/fr\/wp-json\/wp\/v2\/comments?post=455893"}],"version-history":[{"count":0,"href":"https:\/\/www.europesays.com\/fr\/wp-json\/wp\/v2\/posts\/455893\/revisions"}],"wp:featuredmedia":[{"embeddable":true,"href":"https:\/\/www.europesays.com\/fr\/wp-json\/wp\/v2\/media\/455894"}],"wp:attachment":[{"href":"https:\/\/www.europesays.com\/fr\/wp-json\/wp\/v2\/media?parent=455893"}],"wp:term":[{"taxonomy":"category","embeddable":true,"href":"https:\/\/www.europesays.com\/fr\/wp-json\/wp\/v2\/categories?post=455893"},{"taxonomy":"post_tag","embeddable":true,"href":"https:\/\/www.europesays.com\/fr\/wp-json\/wp\/v2\/tags?post=455893"}],"curies":[{"name":"wp","href":"https:\/\/api.w.org\/{rel}","templated":true}]}}