{"id":455905,"date":"2025-10-11T21:06:11","date_gmt":"2025-10-11T21:06:11","guid":{"rendered":"https:\/\/www.europesays.com\/fr\/455905\/"},"modified":"2025-10-11T21:06:11","modified_gmt":"2025-10-11T21:06:11","slug":"le-gardien-italien-gianluigi-donnarumma-commet-une-enorme-bevue-face-a-lestonie-lequipe","status":"publish","type":"post","link":"https:\/\/www.europesays.com\/fr\/455905\/","title":{"rendered":"Le gardien italien Gianluigi Donnarumma commet une \u00e9norme b\u00e9vue face \u00e0 l&#039;Estonie &#8211; L&#039;\u00c9quipe"},"content":{"rendered":"<ol>\n<li><a href=\"https:\/\/news.google.com\/rss\/articles\/CBMivwFBVV95cUxNMmdQeEpDWkw2blA2OVF6MFdBU09DdnVhbTdYaXJMMWxVX3BodVNHVmJ1Q3F1ZzEta1c4N0xmOXZ6VWEwVW1CU3dfTTRDelJ4THFzQ0U2YUNlYkkwTlh3M0dKakw5Y2ZGQkJTa3QxdE1pcU9UWnBPcy1WUXZJUndVS2I0OE8tazdTMERVMm5pczJOU29PdmxJT0J3OVZVdDhhaWM3SE9uTVpxTWNHR3Q1dmRGMXRoZzZqMEhoWTVYSQ?oc=5\" target=\"_blank\" rel=\"nofollow noopener\">Le gardien italien Gianluigi Donnarumma commet une \u00e9norme b\u00e9vue face \u00e0 l&rsquo;Estonie<\/a>&nbsp;&nbsp;L&rsquo;\u00c9quipe<\/li>\n<li><a href=\"https:\/\/news.google.com\/rss\/articles\/CBMitAFBVV95cUxOMXp2aU1HZklTMS14aEYyVFdCa0NKY24xdzhWUjhacFRnWDVLWTFyZzZ2N3htRUhvNk1HQ3hDblJmeUhYaTFEdGFHbTVxY2E0ejEzUkVvaVJ2akVHY3NFQnMtOE5MaGVlUkFOcHdMeHAxVU5wOUFqb1JFdjd3ZlBKYTVJYTJYbG1KT2ZZUmxNbVF6cVA5UFZoMUVSRzU2WlhmMTdWTkNyUkxzcVhyTTFPS3lndEM?oc=5\" target=\"_blank\" rel=\"nofollow noopener\">Qualifs CdM 2026 : la grosse boulette de Donnarumma face \u00e0 l\u2019Estonie<\/a>&nbsp;&nbsp;Foot Mercato<\/li>\n<li><a href=\"https:\/\/news.google.com\/rss\/articles\/CBMi5AFBVV95cUxQT3pyZTFhNXB1TE9XbzNiRXM1QUNVUG9Tb1p2LVlGSVpBQUxFTm1SbUh3X2xQSHIzTWU3Y1dZT04wX2xtVlc1ZWFnc01UQ0xEVmNPMF9ZY0NHdHhXbVczelBIU0JYX0RBUFhFNlRYQlU5VE5FWGExS0stZzZVRl90aTNJa3kxNTRqcmlObkQ4R3NyMGZEMWM3OUpPVVZPd3A5TnAyRThsVFNrVTZpZEZGaVo4VHpCUjJXQkdzSFRBMnlscmpDWFFkZW5iZ0tWQ2g1WUtfaXZEZjdUQ0E1ZEVwclIwd3PSAeMBQVVfeXFMT0VZUlZ6NjdoM2IzWWFlVFJUM0ZzcFktWDZCbG1mNksxLW1PbGV3Y3VSUGVENTNRV25tbG15RVFlVGtuVEpVcUM0LW42Y09CVWdQbW9oWnZxQ1ZwLUo0dnVCS1prUVh5YjRMQlJWZFJmbjBvaHF3ZjA0Mms4TUdDUjZyY2QyYUJLNEdLbTJLbzdNNWdLSEFUYmxWbGJUZ1l0TVNER3JzS0NBbk5feFdTSUhoNWliSW1zUzdJbGJfTldETExrTUp2TXNQcVZWTEFwQ2dCTF80Rnc3eVNqd3F0NFlaSjA?oc=5\" target=\"_blank\" rel=\"nofollow noopener\">CDM 2026 : Loin de la Norv\u00e8ge, Gattuso ne veut plus parler de premi\u00e8re place<\/a>&nbsp;&nbsp;Orange Actualit\u00e9s | Sports<\/li>\n<li><a href=\"https:\/\/news.google.com\/rss\/articles\/CBMi9wFBVV95cUxNY0k5NFJGRS1aSk81Vk9lSXRrVWVNaFZ6OG4ybmdvV0tUcE05UlNxQkNJbU51UFpfdFV4dnI2ZVZESnBPWFZVVzJId1ZJU0hWVl9Ccm5CNlUwWjZEbkFvcW96TUVIQW1tQTRoSXotaUx0cnBUX1hYUW5sX0U2RU8yM3dlUWVqekdVVS1iTDFaOUdmNTFtb2NKajh4cWlLTW9zMHMtckNxQmtZMmhpUlJwNmNscVdweVgxc21wd1QwdE1SeC1SLW90ajJ4NDhuUDM2Q0IzUXdHWjVyQmZnVXg4OEJNX29yMHk2X09HQ25RZzFYaEY5VWRF?oc=5\" target=\"_blank\" rel=\"nofollow noopener\">Coupe du monde 2026 : malgr\u00e9 une \u00e9norme erreur de Donnarumma, l\u2019Italie fait le travail en Estonie (vid\u00e9o)<\/a>&nbsp;&nbsp;Le Figaro<\/li>\n<li><a href=\"https:\/\/news.google.com\/rss\/articles\/CBMiogFBVV95cUxNZlVqeVdoYmN1TWNENENvVnhpcTVCa3pnZ0dPMndPX21xSnNZUlY4TENkV3UtekRQdzI1NnlNUUoySE16M2ZOcjc5WW1nZ2M3Y1M4TW01VG9fR0k2ZlduTjh5Q1NSeWxUdVhqNU5BXzVqSkpZYnNsVy1VWVVLamxlajJtQWNwTnRlbDIwOFA5YW5VMDBqUGlIcjBITE05aEtaVlE?oc=5\" target=\"_blank\" rel=\"nofollow noopener\">Comment voir Estonie-Italie en direct<\/a>&nbsp;&nbsp;Sports.fr<\/li>\n<\/ol>\n","protected":false},"excerpt":{"rendered":"Le gardien italien Gianluigi Donnarumma commet une \u00e9norme b\u00e9vue face \u00e0 l&rsquo;Estonie&nbsp;&nbsp;L&rsquo;\u00c9quipe Qualifs CdM 2026 : la grosse&hellip;\n","protected":false},"author":2,"featured_media":455906,"comment_status":"","ping_status":"","sticky":false,"template":"","format":"standard","meta":{"footnotes":""},"categories":[9],"tags":[1011,27,60],"class_list":{"0":"post-455905","1":"post","2":"type-post","3":"status-publish","4":"format-standard","5":"has-post-thumbnail","7":"category-sports","8":"tag-fr","9":"tag-france","10":"tag-sports"},"share_on_mastodon":{"url":"https:\/\/pubeurope.com\/@fr\/115357573740344615","error":""},"_links":{"self":[{"href":"https:\/\/www.europesays.com\/fr\/wp-json\/wp\/v2\/posts\/455905","targetHints":{"allow":["GET"]}}],"collection":[{"href":"https:\/\/www.europesays.com\/fr\/wp-json\/wp\/v2\/posts"}],"about":[{"href":"https:\/\/www.europesays.com\/fr\/wp-json\/wp\/v2\/types\/post"}],"author":[{"embeddable":true,"href":"https:\/\/www.europesays.com\/fr\/wp-json\/wp\/v2\/users\/2"}],"replies":[{"embeddable":true,"href":"https:\/\/www.europesays.com\/fr\/wp-json\/wp\/v2\/comments?post=455905"}],"version-history":[{"count":0,"href":"https:\/\/www.europesays.com\/fr\/wp-json\/wp\/v2\/posts\/455905\/revisions"}],"wp:featuredmedia":[{"embeddable":true,"href":"https:\/\/www.europesays.com\/fr\/wp-json\/wp\/v2\/media\/455906"}],"wp:attachment":[{"href":"https:\/\/www.europesays.com\/fr\/wp-json\/wp\/v2\/media?parent=455905"}],"wp:term":[{"taxonomy":"category","embeddable":true,"href":"https:\/\/www.europesays.com\/fr\/wp-json\/wp\/v2\/categories?post=455905"},{"taxonomy":"post_tag","embeddable":true,"href":"https:\/\/www.europesays.com\/fr\/wp-json\/wp\/v2\/tags?post=455905"}],"curies":[{"name":"wp","href":"https:\/\/api.w.org\/{rel}","templated":true}]}}