{"id":45591,"date":"2025-04-23T03:41:16","date_gmt":"2025-04-23T03:41:16","guid":{"rendered":"https:\/\/www.europesays.com\/fr\/45591\/"},"modified":"2025-04-23T03:41:16","modified_gmt":"2025-04-23T03:41:16","slug":"fusillade-a-rennes-les-quatre-suspects-mis-en-examen-et-ecroues","status":"publish","type":"post","link":"https:\/\/www.europesays.com\/fr\/45591\/","title":{"rendered":"Fusillade \u00e0 Rennes : les quatre suspects mis en examen et \u00e9crou\u00e9s"},"content":{"rendered":"<p>\tFusillade \u00e0 Rennes : les quatre suspects mis en examen et \u00e9crou\u00e9s &#8211; Valeurs actuelles<\/p>\n<p><a href=\"https:\/\/www.valeursactuelles.com\/\" target=\"_blank\" rel=\"noopener\">Accueil<\/a> \u00bb <a href=\"https:\/\/www.valeursactuelles.com\/societe\" target=\"_blank\" rel=\"noopener\">Soci\u00e9t\u00e9<\/a> \u00bb Fusillade \u00e0 Rennes : les quatre suspects mis en examen et \u00e9crou\u00e9s<\/p>\n","protected":false},"excerpt":{"rendered":"Fusillade \u00e0 Rennes : les quatre suspects mis en examen et \u00e9crou\u00e9s &#8211; Valeurs actuelles Accueil \u00bb Soci\u00e9t\u00e9&hellip;\n","protected":false},"author":2,"featured_media":45592,"comment_status":"","ping_status":"","sticky":false,"template":"","format":"standard","meta":{"footnotes":""},"categories":[2821],"tags":[1111,11,829,4773,1052,1777,674,1011,27,3832,12,1072,584,25,887,7164],"class_list":{"0":"post-45591","1":"post","2":"type-post","3":"status-publish","4":"format-standard","5":"has-post-thumbnail","7":"category-rennes","8":"tag-actu","9":"tag-actualites","10":"tag-bretagne","11":"tag-detention","12":"tag-drogue","13":"tag-eu","14":"tag-europe","15":"tag-fr","16":"tag-france","17":"tag-fusillade","18":"tag-news","19":"tag-police","20":"tag-rennes","21":"tag-republique-francaise","22":"tag-trafic-de-drogue","23":"tag-trafic-de-stupefiants"},"share_on_mastodon":{"url":"https:\/\/pubeurope.com\/@fr\/114385209423217383","error":""},"_links":{"self":[{"href":"https:\/\/www.europesays.com\/fr\/wp-json\/wp\/v2\/posts\/45591","targetHints":{"allow":["GET"]}}],"collection":[{"href":"https:\/\/www.europesays.com\/fr\/wp-json\/wp\/v2\/posts"}],"about":[{"href":"https:\/\/www.europesays.com\/fr\/wp-json\/wp\/v2\/types\/post"}],"author":[{"embeddable":true,"href":"https:\/\/www.europesays.com\/fr\/wp-json\/wp\/v2\/users\/2"}],"replies":[{"embeddable":true,"href":"https:\/\/www.europesays.com\/fr\/wp-json\/wp\/v2\/comments?post=45591"}],"version-history":[{"count":0,"href":"https:\/\/www.europesays.com\/fr\/wp-json\/wp\/v2\/posts\/45591\/revisions"}],"wp:featuredmedia":[{"embeddable":true,"href":"https:\/\/www.europesays.com\/fr\/wp-json\/wp\/v2\/media\/45592"}],"wp:attachment":[{"href":"https:\/\/www.europesays.com\/fr\/wp-json\/wp\/v2\/media?parent=45591"}],"wp:term":[{"taxonomy":"category","embeddable":true,"href":"https:\/\/www.europesays.com\/fr\/wp-json\/wp\/v2\/categories?post=45591"},{"taxonomy":"post_tag","embeddable":true,"href":"https:\/\/www.europesays.com\/fr\/wp-json\/wp\/v2\/tags?post=45591"}],"curies":[{"name":"wp","href":"https:\/\/api.w.org\/{rel}","templated":true}]}}