{"id":455910,"date":"2025-10-11T21:09:11","date_gmt":"2025-10-11T21:09:11","guid":{"rendered":"https:\/\/www.europesays.com\/fr\/455910\/"},"modified":"2025-10-11T21:09:11","modified_gmt":"2025-10-11T21:09:11","slug":"vous-voulez-incliner-votre-siege-dans-lavion-sur-cette-compagnie-cest-payant","status":"publish","type":"post","link":"https:\/\/www.europesays.com\/fr\/455910\/","title":{"rendered":"Vous voulez incliner votre si\u00e8ge dans l\u2019avion\u00a0? Sur cette compagnie, c\u2019est payant"},"content":{"rendered":"<p>On connaissait bien s\u00fbr les surco\u00fbts li\u00e9s aux bagages, le billet en plus pour avoir une boisson, la note qui grimpe pour choisir son si\u00e8ge\u2026 Mais voil\u00e0 que la <a href=\"https:\/\/www.20minutes.fr\/dossier\/avion\" class=\"c-link c-link--is-underlined\" rel=\"nofollow noopener\" target=\"_blank\">compagnie a\u00e9rienne<\/a> <a href=\"https:\/\/www.20minutes.fr\/dossier\/canada\" class=\"c-link c-link--is-underlined\" rel=\"nofollow noopener\" target=\"_blank\">canadienne<\/a> WestJet d\u00e9gaine une nouvelle id\u00e9e tout confort pour gagner un peu de marge suppl\u00e9mentaire. La low-cost compte faire payer un suppl\u00e9ment pour les passagers qui veulent pouvoir\u2026 incliner leur si\u00e8ge.<\/p>\n<\/p>\n<p>C\u2019est la radio canadienne 98.5 FM qui en parle, <a href=\"https:\/\/www.bfmtv.com\/economie\/entreprises\/transports\/pouvoir-incliner-son-siege-devient-une-option-payante-chez-west-jet-une-compagnie-canadienne-low-cost_AV-202510100656.html\" rel=\"nofollow noopener\" target=\"_blank\" class=\"c-link c-link--is-underlined\">comme l\u2019ont rep\u00e9r\u00e9 nos confr\u00e8res de BFMTV<\/a>. Ainsi, pour avoir le droit d\u2019avoir un peu moins le dos en compote, il faudra en passer par un surclassement.<\/p>\n<p>Les si\u00e8ges inclinables disparaissent<\/p>\n<p>Notons toutefois, pour att\u00e9nuer la douleur engendr\u00e9e par cette initiative, que de nombreuses compagnies a\u00e9riennes ont fait le choix depuis un certain temps de ne pas avoir de si\u00e8ges inclinables \u00e0 bord.<\/p>\n<p>Ce qui leur permet de gagner de la place. Et de faire plus d\u2019<a href=\"https:\/\/www.20minutes.fr\/dossier\/argent\" class=\"c-link c-link--is-underlined\" rel=\"nofollow noopener\" target=\"_blank\">argent<\/a>.<\/p>\n","protected":false},"excerpt":{"rendered":"On connaissait bien s\u00fbr les surco\u00fbts li\u00e9s aux bagages, le billet en plus pour avoir une boisson, la&hellip;\n","protected":false},"author":2,"featured_media":455911,"comment_status":"","ping_status":"","sticky":false,"template":"","format":"standard","meta":{"footnotes":""},"categories":[6],"tags":[47,37,35,574,8763,33,34,1011,27,74,13642],"class_list":{"0":"post-455910","1":"post","2":"type-post","3":"status-publish","4":"format-standard","5":"has-post-thumbnail","7":"category-economie","8":"tag-actualite","9":"tag-avion","10":"tag-business","11":"tag-canada","12":"tag-compagnie-aerienne","13":"tag-economie","14":"tag-economy","15":"tag-fr","16":"tag-france","17":"tag-monde","18":"tag-passagers"},"share_on_mastodon":{"url":"https:\/\/pubeurope.com\/@fr\/115357585510553808","error":""},"_links":{"self":[{"href":"https:\/\/www.europesays.com\/fr\/wp-json\/wp\/v2\/posts\/455910","targetHints":{"allow":["GET"]}}],"collection":[{"href":"https:\/\/www.europesays.com\/fr\/wp-json\/wp\/v2\/posts"}],"about":[{"href":"https:\/\/www.europesays.com\/fr\/wp-json\/wp\/v2\/types\/post"}],"author":[{"embeddable":true,"href":"https:\/\/www.europesays.com\/fr\/wp-json\/wp\/v2\/users\/2"}],"replies":[{"embeddable":true,"href":"https:\/\/www.europesays.com\/fr\/wp-json\/wp\/v2\/comments?post=455910"}],"version-history":[{"count":0,"href":"https:\/\/www.europesays.com\/fr\/wp-json\/wp\/v2\/posts\/455910\/revisions"}],"wp:featuredmedia":[{"embeddable":true,"href":"https:\/\/www.europesays.com\/fr\/wp-json\/wp\/v2\/media\/455911"}],"wp:attachment":[{"href":"https:\/\/www.europesays.com\/fr\/wp-json\/wp\/v2\/media?parent=455910"}],"wp:term":[{"taxonomy":"category","embeddable":true,"href":"https:\/\/www.europesays.com\/fr\/wp-json\/wp\/v2\/categories?post=455910"},{"taxonomy":"post_tag","embeddable":true,"href":"https:\/\/www.europesays.com\/fr\/wp-json\/wp\/v2\/tags?post=455910"}],"curies":[{"name":"wp","href":"https:\/\/api.w.org\/{rel}","templated":true}]}}