{"id":455913,"date":"2025-10-11T21:11:11","date_gmt":"2025-10-11T21:11:11","guid":{"rendered":"https:\/\/www.europesays.com\/fr\/455913\/"},"modified":"2025-10-11T21:11:11","modified_gmt":"2025-10-11T21:11:11","slug":"france-colere-et-sideration-apres-la-reconduction-de-lecornu-par-macron-11-10-2025-a-2125","status":"publish","type":"post","link":"https:\/\/www.europesays.com\/fr\/455913\/","title":{"rendered":"France-Col\u00e8re et sid\u00e9ration apr\u00e8s la reconduction de Lecornu par Macron &#8211; 11\/10\/2025 \u00e0 21:25"},"content":{"rendered":"<p>        <img fetchpriority=\"high\" decoding=\"async\" src=\"https:\/\/www.europesays.com\/fr\/wp-content\/uploads\/2025\/10\/dc3477b5a43a9437d34ca22aff4a989d-760x507.jpg\" alt=\"FILE PHOTO: NATO Defence Ministers' meeting at the Alliance's headquarters in Paris\" loading=\"eager\" width=\"760\" height=\"507\" style=\"max-width: 100%!important; height: auto;\"\/><\/p>\n<p class=\"c-image-news__legend\">FILE PHOTO: NATO Defence Ministers&rsquo; meeting at the Alliance&rsquo;s headquarters in Paris<\/p>\n<p>\n Emmanuel Macron a renomm\u00e9 vendredi S\u00e9bastien Lecornu au poste de Premier ministre, lui donnant \u00ab\u00a0carte blanche\u00a0\u00bb dans un moment de crise politique o\u00f9 l&rsquo;urgence est de pr\u00e9senter et faire adopter un budget pour 2026, une d\u00e9cision qui a suscit\u00e9 la col\u00e8re aux deux extr\u00e9mit\u00e9s de l&rsquo;Assembl\u00e9e o\u00f9 La France insoumise et le Rassemblement national ont d&rsquo;ores et d\u00e9j\u00e0 promis d&rsquo;engager la censure du futur gouvernement.\n<\/p>\n<p>\n Dans un entretien accord\u00e9 \u00e0 La Tribune Dimanche, il n&rsquo;a pas exclu de d\u00e9missionner de nouveau si les conditions n&rsquo;\u00e9taient pas r\u00e9unies pour mener \u00e0 bien sa mission.\n<\/p>\n<p>\n Au Parti socialiste, dont les voix seront d\u00e9cisives en cas de motion de censure, on dit n&rsquo;avoir pass\u00e9 aucun accord promettant de ne pas voter contre un gouvernement \u00ab\u00a0Lecornu 2\u00a0\u00bb et l&rsquo;on exige toujours des concessions majeures, \u00e0 commencer par une suspension de la r\u00e9forme des retraites.\n<\/p>\n<p>\n Les Verts, qui se r\u00e9unissent ce samedi en Conseil politique, disent ne voir aucune raison de ne pas censurer un nouveau gouvernement Lecornu.\n<\/p>\n<p>\n Les d\u00e9put\u00e9s Les r\u00e9publicains se sont exprim\u00e9s dans la nuit \u00e0 une tr\u00e8s large majorit\u00e9 en faveur d&rsquo;un soutien au futur gouvernement. Un bureau politique des LR a exclu de participer \u00e0 ce gouvernement, tout comme celui de l&rsquo;UDI.\n<\/p>\n<p>\n S\u00e9bastien Lecornu, de son c\u00f4t\u00e9, doit former un nouveau gouvernement qui, a-t-il \u00e9crit vendredi sur Twitter, \u00ab\u00a0devra incarner le renouvellement et la diversit\u00e9 des comp\u00e9tences\u00a0\u00bb.\n<\/p>\n<p>\n LES DERNIERS D\u00c9VELOPPEMENTS\n<\/p>\n<p>\n 19h18 &#8211; Le Premier ministre a dit samedi dans un entretien accord\u00e9 \u00e0 La Tribune Dimanche qu&rsquo;il partira de nouveau si les conditions n&rsquo;\u00e9taient pas r\u00e9unies pour qu&rsquo;il m\u00e8ne \u00e0 bien sa mission.\n<\/p>\n<p>\n \u00ab\u00a0J\u2019ai d\u00e9missionn\u00e9 lundi dernier car les conditions n\u2019\u00e9taient plus remplies. Si les conditions n\u2019\u00e9taient plus remplies de nouveau, je partirais. Je ne ferai pas n\u2019importe quoi\u00a0\u00bb, plaide-t-il.\n<\/p>\n<p>\n S\u00e9bastien Lecornu reconna\u00eet aussi que \u00ab\u00a0repartir n'(\u00e9tait) pas une \u00e9vidence pour moi\u00a0\u00bb, rappelant que l&rsquo;Elys\u00e9e lui avait laiss\u00e9 \u00ab\u00a0carte blanche\u00a0\u00bb.\n<\/p>\n<p>\n \u00ab\u00a0On ne peut pas continuer comme avant. Il faut un gouvernement plus libre, y compris dans la relation aux partis politiques\u00a0\u00bb, a-t-il ajout\u00e9.\n<\/p>\n<p>\n 15h33 &#8211; L&rsquo;UDI (Union des d\u00e9mocrates ind\u00e9pendants), pr\u00e9sid\u00e9 par Herv\u00e9 Marseille, a d\u00e9cid\u00e9 d&rsquo;apporter son soutien sans participation au gouvernement de S\u00e9bastien Lecornu.\n<\/p>\n<p>\n \u00ab\u00a0Les parlementaires UDI apporteront leur concours \u00e0 l&rsquo;adoption d&rsquo;un budget n\u00e9cessaire pour le pays. La recherche de cet objectif ne se fera pas \u00e0 n&rsquo;importe quel prix\u00a0\u00bb, \u00e9crit l&rsquo;UDI dans un communiqu\u00e9.\n<\/p>\n<p>\n 15h08 &#8211; Le Bureau politique de LR a confirm\u00e9 dans un communiqu\u00e9 \u00ab\u00a0que la confiance et les conditions n'(\u00e9taient) pas r\u00e9unies\u00a0\u00bb pour une participation du parti de droite au gouvernement.\n<\/p>\n<p>\n Pour autant, les membres des R\u00e9publicains \u00ab\u00a0seront responsables et ne seront pas les artisans du chaos\u00a0\u00bb, peut-on lire dans le communiqu\u00e9.\n<\/p>\n<p>\n 14h08 &#8211; \u00ab\u00a0Nous ne participerons pas (au gouvernement Lecornu). Nous sommes l\u00e0 pour emp\u00eacher l&rsquo;arriv\u00e9e de la gauche au pouvoir\u00a0\u00bb, a annonc\u00e9 le secr\u00e9taire g\u00e9n\u00e9ral Les R\u00e9publicains Othman Nasrou.\n<\/p>\n<p>\n 14h05 &#8211; \u00ab\u00a0Nos conditions sont claires pour une participation \u00e9ventuelle\u00a0\u00bb, a pr\u00e9venu samedi Michel Barnier, d\u00e9put\u00e9 de Paris et ancien Premier ministre. \u00ab\u00a0R\u00e9duction du d\u00e9ficit public et r\u00e9forme de l&rsquo;\u00c9tat, maintien de la r\u00e9forme des retraites, mesures concr\u00e8tes pour la s\u00e9curit\u00e9 des Fran\u00e7ais dans le prolongement de l&rsquo;action de Bruno Retailleau, d\u00e9fense de la comp\u00e9titivit\u00e9 de nos entreprises, sans nouvelle pression fiscale\u00a0\u00bb, a-t-il \u00e9num\u00e9r\u00e9.\n<\/p>\n<p>\n 12h45 &#8211; \u00ab\u00a0Je n&rsquo;ai pas d&rsquo;agenda, je n&rsquo;ai pas d&rsquo;autre ambition que de sortir de ce moment qui est collectivement tr\u00e8s p\u00e9nible pour tout le monde. Donc moi je veux une mission qui est assez claire\u00a0\u00bb, a d\u00e9clar\u00e9 S\u00e9bastien Lecornu en d\u00e9placement au commissariat de l&rsquo;H\u00e4y-les-Roses (Val-de-Marne). \u00ab\u00a0Je n&rsquo;ai pas le sentiment qu&rsquo;il y avait beaucoup de candidats pour \u00eatre compl\u00e8tement transparent\u00a0\u00bb, a-t-il ajout\u00e9, commentant sa reconduction \u00e0 Matignon.\n<\/p>\n<p>\n Interrog\u00e9 sur la suspension de la r\u00e9forme des retraites, Lecornu a r\u00e9pondu : \u00ab\u00a0tous les d\u00e9bats sont possibles d\u00e8s lors qu&rsquo;ils sont dans un cadre r\u00e9el et r\u00e9aliste, y compris sur les questions budg\u00e9taires. (&#8230;) Dans Le Parisien, il y a 3 semaines ou un mois, j&rsquo;avais dit que la r\u00e9forme Borne n&rsquo;\u00e9tait pas \u00e9chou\u00e9e. Personne ne l&rsquo;a relev\u00e9. J&rsquo;avais d\u00e9j\u00e0 dit des choses.\u00a0\u00bb\n<\/p>\n<p>\n 9h38 &#8211; \u00ab\u00a0Ce cercle commun que le pr\u00e9sident cherche \u00e0 imposer n&rsquo;existe pas\u00a0\u00bb, souligne Cyrielle Chatelain, pr\u00e9sidente du groupe Ecologiste et social \u00e0 l&rsquo;Assembl\u00e9e nationale sur franceinfo. Emmanuel Macron \u00ab\u00a0dit un peu aux Fran\u00e7ais : Je vous emmerde, je fais ce que je veux\u00a0\u00bb.\n<\/p>\n<p>\n 9h00 &#8211; \u00ab\u00a0On ne peut plus participer \u00e0 ce qui va \u00eatre per\u00e7u comme un reniement\u00a0\u00bb, d\u00e9clare Fran\u00e7ois-Xavier Bellamy, d\u00e9put\u00e9 europ\u00e9en LR, cit\u00e9 par BFM TV, avant la r\u00e9union lors de laquelle sa formation politique doit se prononcer sur sa participation \u00e0 un nouveau gouvernement Lecornu. G\u00e9rard Larcher, le pr\u00e9sident (LR) du S\u00e9nat, est sur la m\u00eame ligne.\n<\/p>\n<p>\n 8h35 &#8211; \u00ab\u00a0Maintenant qu&rsquo;il est nomm\u00e9, il faut faire avec S\u00e9bastien Lecornu\u00a0\u00bb, a constat\u00e9 Herv\u00e9 Marseille, chef de file des s\u00e9nateurs UDI. \u00ab\u00a0Politiquement, ce n&rsquo;\u00e9tait pas une bonne id\u00e9e de le renommer. On va voir ce que \u00e7a va donner.\u00a0\u00bb\n<\/p>\n<p>\n \u00ab\u00a0Je pense qu&rsquo;on peut travailler sans participer. C&rsquo;est quelque chose qu&rsquo;on peut imaginer.\u00a0\u00bb\n<\/p>\n<p>\n (R\u00e9daction de Paris)<\/p>\n","protected":false},"excerpt":{"rendered":"FILE PHOTO: NATO Defence Ministers&rsquo; meeting at the Alliance&rsquo;s headquarters in Paris Emmanuel Macron a renomm\u00e9 vendredi S\u00e9bastien&hellip;\n","protected":false},"author":2,"featured_media":455914,"comment_status":"","ping_status":"","sticky":false,"template":"","format":"standard","meta":{"footnotes":""},"categories":[4],"tags":[400,11,398,408,405,1011,27,403,402,399,404,12,25,401,406,407],"class_list":{"0":"post-455913","1":"post","2":"type-post","3":"status-publish","4":"format-standard","5":"has-post-thumbnail","7":"category-france","8":"tag-action-cac-40","9":"tag-actualites","10":"tag-bourse-de-paris","11":"tag-boursorama","12":"tag-cotations","13":"tag-fr","14":"tag-france","15":"tag-indices-devises","16":"tag-investir","17":"tag-investissement","18":"tag-marche-boursier","19":"tag-news","20":"tag-republique-francaise","21":"tag-sicav","22":"tag-trackers","23":"tag-warrants"},"share_on_mastodon":{"url":"https:\/\/pubeurope.com\/@fr\/115357593435089723","error":""},"_links":{"self":[{"href":"https:\/\/www.europesays.com\/fr\/wp-json\/wp\/v2\/posts\/455913","targetHints":{"allow":["GET"]}}],"collection":[{"href":"https:\/\/www.europesays.com\/fr\/wp-json\/wp\/v2\/posts"}],"about":[{"href":"https:\/\/www.europesays.com\/fr\/wp-json\/wp\/v2\/types\/post"}],"author":[{"embeddable":true,"href":"https:\/\/www.europesays.com\/fr\/wp-json\/wp\/v2\/users\/2"}],"replies":[{"embeddable":true,"href":"https:\/\/www.europesays.com\/fr\/wp-json\/wp\/v2\/comments?post=455913"}],"version-history":[{"count":0,"href":"https:\/\/www.europesays.com\/fr\/wp-json\/wp\/v2\/posts\/455913\/revisions"}],"wp:featuredmedia":[{"embeddable":true,"href":"https:\/\/www.europesays.com\/fr\/wp-json\/wp\/v2\/media\/455914"}],"wp:attachment":[{"href":"https:\/\/www.europesays.com\/fr\/wp-json\/wp\/v2\/media?parent=455913"}],"wp:term":[{"taxonomy":"category","embeddable":true,"href":"https:\/\/www.europesays.com\/fr\/wp-json\/wp\/v2\/categories?post=455913"},{"taxonomy":"post_tag","embeddable":true,"href":"https:\/\/www.europesays.com\/fr\/wp-json\/wp\/v2\/tags?post=455913"}],"curies":[{"name":"wp","href":"https:\/\/api.w.org\/{rel}","templated":true}]}}