{"id":455920,"date":"2025-10-11T21:15:54","date_gmt":"2025-10-11T21:15:54","guid":{"rendered":"https:\/\/www.europesays.com\/fr\/455920\/"},"modified":"2025-10-11T21:15:54","modified_gmt":"2025-10-11T21:15:54","slug":"concert-de-lorchestre-de-lopera-le-violoncelle-a-lhonneur","status":"publish","type":"post","link":"https:\/\/www.europesays.com\/fr\/455920\/","title":{"rendered":"Concert de l\u2019orchestre de l\u2019Op\u00e9ra\u00a0: le violoncelle \u00e0 l\u2019honneur"},"content":{"rendered":"<p>Au programme de ce concert donn\u00e9 par l\u2019orchestre de l\u2019Op\u00e9ra national de Nancy-Lorraine\u00a0: Orawa de Wojciech Kilar\u00a0; le concerto pour violoncelle d\u2019Anton\u00edn Dvo\u0159\u00e1k et Die Seejungfrau d\u2019Alexander von Zemlinsky.<\/p>\n<p>Orawa\u00a0? Ce titre amusant est le nom de la petite r\u00e9gion entre la Pologne et la Slovaquie qui inspira Wojciech Kilar.<\/p>\n<p>C\u2019est la Boh\u00eame toute proche inspira \u00e0 Anton\u00edn Dvo\u0159\u00e1k les plus belles m\u00e9lodies de cet imposant Concerto pour violoncelle, monument de difficult\u00e9 technique et d\u2019expression romantique o\u00f9 le soliste doit lutter avec l\u2019opulence de la partie orchestrale.<\/p>\n<p>Romantisme encore, avec cette fantaisie appel\u00e9e Die Seejungfrau (la sir\u00e8ne) dans laquelle Alexander von Zemlinsky apaisa la douleur d\u2019une rupture amoureuse \u00e0 travers l\u2019h\u00e9ro\u00efne du conte d\u2019Andersen.<\/p>\n<p>Direction musicale\u00a0: Marta Gardoli\u0144ska. Violoncelle\u00a0: Xavier Phillips<\/p>\n<p class=\"note\">Jeudi\u00a016 et vendredi 17\u00a0octobre salle Poirel. Tarifs\u00a0: de 5 \u00e0 38\u00a0\u20ac.<\/p>\n","protected":false},"excerpt":{"rendered":"Au programme de ce concert donn\u00e9 par l\u2019orchestre de l\u2019Op\u00e9ra national de Nancy-Lorraine\u00a0: Orawa de Wojciech Kilar\u00a0; le&hellip;\n","protected":false},"author":2,"featured_media":455921,"comment_status":"","ping_status":"","sticky":false,"template":"","format":"standard","meta":{"footnotes":""},"categories":[9635],"tags":[1111,11,1687,1704,1777,674,1011,27,775,873,1702,1703,12,25],"class_list":{"0":"post-455920","1":"post","2":"type-post","3":"status-publish","4":"format-standard","5":"has-post-thumbnail","7":"category-nancy","8":"tag-actu","9":"tag-actualites","10":"tag-culture-loisirs","11":"tag-edition-nancy-et-agglomeration","12":"tag-eu","13":"tag-europe","14":"tag-fr","15":"tag-france","16":"tag-grand-est","17":"tag-musique","18":"tag-nancy","19":"tag-nancy-ville-54b","20":"tag-news","21":"tag-republique-francaise"},"share_on_mastodon":{"url":"https:\/\/pubeurope.com\/@fr\/115357612962876701","error":""},"_links":{"self":[{"href":"https:\/\/www.europesays.com\/fr\/wp-json\/wp\/v2\/posts\/455920","targetHints":{"allow":["GET"]}}],"collection":[{"href":"https:\/\/www.europesays.com\/fr\/wp-json\/wp\/v2\/posts"}],"about":[{"href":"https:\/\/www.europesays.com\/fr\/wp-json\/wp\/v2\/types\/post"}],"author":[{"embeddable":true,"href":"https:\/\/www.europesays.com\/fr\/wp-json\/wp\/v2\/users\/2"}],"replies":[{"embeddable":true,"href":"https:\/\/www.europesays.com\/fr\/wp-json\/wp\/v2\/comments?post=455920"}],"version-history":[{"count":0,"href":"https:\/\/www.europesays.com\/fr\/wp-json\/wp\/v2\/posts\/455920\/revisions"}],"wp:featuredmedia":[{"embeddable":true,"href":"https:\/\/www.europesays.com\/fr\/wp-json\/wp\/v2\/media\/455921"}],"wp:attachment":[{"href":"https:\/\/www.europesays.com\/fr\/wp-json\/wp\/v2\/media?parent=455920"}],"wp:term":[{"taxonomy":"category","embeddable":true,"href":"https:\/\/www.europesays.com\/fr\/wp-json\/wp\/v2\/categories?post=455920"},{"taxonomy":"post_tag","embeddable":true,"href":"https:\/\/www.europesays.com\/fr\/wp-json\/wp\/v2\/tags?post=455920"}],"curies":[{"name":"wp","href":"https:\/\/api.w.org\/{rel}","templated":true}]}}