{"id":455924,"date":"2025-10-11T21:19:15","date_gmt":"2025-10-11T21:19:15","guid":{"rendered":"https:\/\/www.europesays.com\/fr\/455924\/"},"modified":"2025-10-11T21:19:15","modified_gmt":"2025-10-11T21:19:15","slug":"baptiste-jauneau-pas-totalement-satisfait-du-match-contre-toulon","status":"publish","type":"post","link":"https:\/\/www.europesays.com\/fr\/455924\/","title":{"rendered":"Baptiste Jauneau pas totalement satisfait du match contre Toulon"},"content":{"rendered":"<p>Ce samedi soir, Clermont s\u2019est impos\u00e9 \u00e0 domicile contre Toulon \u00e0 l\u2019occasion de la 6\u00e8me journ\u00e9e du Top 14.<\/p>\n<p>Le demi-de-m\u00eal\u00e9e de Clermont, Baptiste Jauneau s\u2019est confi\u00e9 au micro de Canal + suite \u00e0 la victoire des siens.<\/p>\n<p><strong>Il analyse la victoire de son \u00e9quipe. Extrait:<\/strong><\/p>\n<p>\u00ab\u00a0On avait parl\u00e9 de continuer apr\u00e8s Montauban et on a r\u00e9ussi \u00e0 le faire ce soir. Il faut corriger des pr\u00e9cisions mais on a fait un match solide et on est content. La charni\u00e8re a bien fonctionn\u00e9 mais pas toujours. <\/p>\n<p>On peut encore mieux maitriser le match. On a \u00e9t\u00e9 trop indisciplin\u00e9s en seconde mi-temps, on a fait tomber trop de ballons dans la zone de marque, on n\u2019a pas concr\u00e9tis\u00e9. Ca ne passera pas \u00e0 Bayonne.\u00a0\u00bb<\/p>\n","protected":false},"excerpt":{"rendered":"Ce samedi soir, Clermont s\u2019est impos\u00e9 \u00e0 domicile contre Toulon \u00e0 l\u2019occasion de la 6\u00e8me journ\u00e9e du Top&hellip;\n","protected":false},"author":2,"featured_media":455925,"comment_status":"","ping_status":"","sticky":false,"template":"","format":"standard","meta":{"footnotes":""},"categories":[9619],"tags":[1111,11,1777,674,1011,27,12,882,25,2310],"class_list":{"0":"post-455924","1":"post","2":"type-post","3":"status-publish","4":"format-standard","5":"has-post-thumbnail","7":"category-toulon","8":"tag-actu","9":"tag-actualites","10":"tag-eu","11":"tag-europe","12":"tag-fr","13":"tag-france","14":"tag-news","15":"tag-provence-alpes-cote-dazur","16":"tag-republique-francaise","17":"tag-toulon"},"share_on_mastodon":{"url":"https:\/\/pubeurope.com\/@fr\/115357624877364064","error":""},"_links":{"self":[{"href":"https:\/\/www.europesays.com\/fr\/wp-json\/wp\/v2\/posts\/455924","targetHints":{"allow":["GET"]}}],"collection":[{"href":"https:\/\/www.europesays.com\/fr\/wp-json\/wp\/v2\/posts"}],"about":[{"href":"https:\/\/www.europesays.com\/fr\/wp-json\/wp\/v2\/types\/post"}],"author":[{"embeddable":true,"href":"https:\/\/www.europesays.com\/fr\/wp-json\/wp\/v2\/users\/2"}],"replies":[{"embeddable":true,"href":"https:\/\/www.europesays.com\/fr\/wp-json\/wp\/v2\/comments?post=455924"}],"version-history":[{"count":0,"href":"https:\/\/www.europesays.com\/fr\/wp-json\/wp\/v2\/posts\/455924\/revisions"}],"wp:featuredmedia":[{"embeddable":true,"href":"https:\/\/www.europesays.com\/fr\/wp-json\/wp\/v2\/media\/455925"}],"wp:attachment":[{"href":"https:\/\/www.europesays.com\/fr\/wp-json\/wp\/v2\/media?parent=455924"}],"wp:term":[{"taxonomy":"category","embeddable":true,"href":"https:\/\/www.europesays.com\/fr\/wp-json\/wp\/v2\/categories?post=455924"},{"taxonomy":"post_tag","embeddable":true,"href":"https:\/\/www.europesays.com\/fr\/wp-json\/wp\/v2\/tags?post=455924"}],"curies":[{"name":"wp","href":"https:\/\/api.w.org\/{rel}","templated":true}]}}