{"id":455930,"date":"2025-10-11T21:26:41","date_gmt":"2025-10-11T21:26:41","guid":{"rendered":"https:\/\/www.europesays.com\/fr\/455930\/"},"modified":"2025-10-11T21:26:41","modified_gmt":"2025-10-11T21:26:41","slug":"alpes-cette-station-de-ski-a-2h-de-grenoble-est-la-meilleure-deurope-dapres-un-classement","status":"publish","type":"post","link":"https:\/\/www.europesays.com\/fr\/455930\/","title":{"rendered":"Alpes. Cette station de ski \u00e0 2h de Grenoble est la meilleure d&rsquo;Europe d&rsquo;apr\u00e8s un classement"},"content":{"rendered":"<p>            Par<br \/>\n        <strong><br \/>\n            <a href=\"https:\/\/actu.fr\/auteur\/redaction-grenoble\" title=\"Consulter tous les articles de R\u00e9daction Grenoble\" rel=\"nofollow noopener\" target=\"_blank\">R\u00e9daction Grenoble<\/a><br \/>\n        <\/strong><\/p>\n<p>        Publi\u00e9 le<\/p>\n<p>            10 oct. 2025 \u00e0 13h54        <\/p>\n<p>Les <a href=\"https:\/\/actu.fr\/auvergne-rhone-alpes\/chamrousse_38567\/pres-de-grenoble-les-premieres-neiges-tombent-sur-cette-station-des-alpes-les-images_63259043.html\" rel=\"nofollow noopener\" target=\"_blank\">premi\u00e8res neiges<\/a> de la saison 2025-2026 sont tomb\u00e9es dans les stations des Alpes, mais les pistes ne devraient rouvrir qu\u2019\u00e0 la fin novembre. Cela n\u2019emp\u00eache pas les amateurs de sports d\u2019hiver de se pr\u00e9parer. Pour les aider \u00e0 choisir leur station de pr\u00e9dilection, le classement des lecteurs de <a href=\"https:\/\/www.cntraveller.com\/gallery\/best-ski-resorts-in-the-world\" rel=\"nofollow noopener\" target=\"_blank\">Cond\u00e9 Nast Traveller<\/a> peut les aiguiller.<\/p>\n<p class=\" wall-content\">Le m\u00e9dia a publi\u00e9 il y a quelques jours<strong> le classement des meilleures stations de ski europ\u00e9ennes<\/strong>. Et c\u2019est une destination \u00e0 deux heures de <a href=\"https:\/\/actu.fr\/auvergne-rhone-alpes\/grenoble_38185\" rel=\"nofollow noopener\" target=\"_blank\">Grenoble<\/a> qui ravit la premi\u00e8re place.<\/p>\n<p>Une note presque parfaite<\/p>\n<p class=\" wall-content\">Il s\u2019agit de la station de <a href=\"https:\/\/actu.fr\/auvergne-rhone-alpes\/val-d-isere_73304\" rel=\"nofollow noopener\" target=\"_blank\">Val-d\u2019Is\u00e8re<\/a>, en Savoie, qui obtient la <strong>note quasi parfaite de 99,17\/100<\/strong>. Elle arrive devant Kitzb\u00fchel en Autriche et Gstaad en Suisse, ayant toutes les deux obtenu le score de 98,89.<\/p>\n<p class=\" wall-content\">Il faut dire que Val-d\u2019Is\u00e8re a ses atouts : <strong>300 km de pistes<\/strong> r\u00e9parties sur l\u2019ensemble du domaine Tignes-Val d\u2019Is\u00e8re, dont 60% sont au-dessus de 2 200 m et presque toujours garanties avec de la neige, accessible gr\u00e2ce aux 71 remont\u00e9es m\u00e9caniques.<\/p>\n<p class=\" wall-content\">La station est donc parfaitement \u00e9quip\u00e9e, ce qui lui a permis d\u2019accueillir plusieurs comp\u00e9titions de ski sur les 90 derni\u00e8res ann\u00e9es, dont une \u00e9preuve des JO d\u2019hiver d\u2019Albertville en 1992.<\/p>\n<p class=\" wall-content\">Cette ann\u00e9e, la saison d\u2019hiver se d\u00e9roulera<strong> du\u00a029 novembre 2025 au 3 mai 2026<\/strong>.<\/p>\n<p>Votre r\u00e9gion, votre actu !<\/p>\n<p>Recevez chaque jour les infos qui comptent pour vous.<\/p>\n<p>\t<a href=\"https:\/\/actu.fr\/newsletter\" class=\"ac-btn ac-btn--corner ac-btn--medium ac-btn--blue800\" rel=\"nofollow noopener\" target=\"_blank\">S&rsquo;incrire<\/a><br \/>\nTrois autres stations fran\u00e7aises dans le top 10<\/p>\n<p class=\" wall-content\">Val-d\u2019Is\u00e8re n\u2019est pas la seule station fran\u00e7aise \u00e0 tirer son \u00e9pingle du jeu dans ce classement, qui fait <strong>la part belle aux destinations alpines<\/strong>.<\/p>\n<p class=\" wall-content\">On retrouve ainsi dans le top 10 trois autres fran\u00e7aises : Les Trois Vall\u00e9es (4e, Savoie), Avoriaz (8e, Haute-Savoie) et l\u2019incontournable <a href=\"https:\/\/actu.fr\/auvergne-rhone-alpes\/courchevel_73227\" rel=\"nofollow noopener\" target=\"_blank\">Courchevel<\/a> (10e, Savoie). La station de Tignes, qui partage son domaine skiable avec Val-d\u2019Is\u00e8re, arrive en 15e position.<\/p>\n<p class=\" wall-content\">Personnalisez votre actualit\u00e9 en ajoutant vos villes et m\u00e9dias en favori avec <a href=\"https:\/\/moncompte.actu.fr\" title=\"D\u00e9couvez Mon Actu\" rel=\"nofollow noopener\" data-trk=\"{&quot;cta&quot;:{&quot;action&quot;:&quot;https:\\\/\\\/moncompte.actu.fr&quot;,&quot;category&quot;:&quot;mon compte&quot;,&quot;from&quot;:&quot;article footer&quot;,&quot;name&quot;:&quot;Mon actu&quot;,&quot;type&quot;:&quot;cta&quot;}}\" target=\"_blank\">Mon Actu<\/a>.<\/p>\n","protected":false},"excerpt":{"rendered":"Par R\u00e9daction Grenoble Publi\u00e9 le 10 oct. 2025 \u00e0 13h54 Les premi\u00e8res neiges de la saison 2025-2026 sont&hellip;\n","protected":false},"author":2,"featured_media":455931,"comment_status":"","ping_status":"","sticky":false,"template":"","format":"standard","meta":{"footnotes":""},"categories":[9566],"tags":[1111,11,2430,1777,674,1011,27,2731,1305,5324,12,25,4129],"class_list":{"0":"post-455930","1":"post","2":"type-post","3":"status-publish","4":"format-standard","5":"has-post-thumbnail","7":"category-grenoble","8":"tag-actu","9":"tag-actualites","10":"tag-auvergne-rhone-alpes","11":"tag-eu","12":"tag-europe","13":"tag-fr","14":"tag-france","15":"tag-grenoble","16":"tag-lifestyle","17":"tag-montagne","18":"tag-news","19":"tag-republique-francaise","20":"tag-ski"},"share_on_mastodon":{"url":"https:\/\/pubeurope.com\/@fr\/115357652418434460","error":""},"_links":{"self":[{"href":"https:\/\/www.europesays.com\/fr\/wp-json\/wp\/v2\/posts\/455930","targetHints":{"allow":["GET"]}}],"collection":[{"href":"https:\/\/www.europesays.com\/fr\/wp-json\/wp\/v2\/posts"}],"about":[{"href":"https:\/\/www.europesays.com\/fr\/wp-json\/wp\/v2\/types\/post"}],"author":[{"embeddable":true,"href":"https:\/\/www.europesays.com\/fr\/wp-json\/wp\/v2\/users\/2"}],"replies":[{"embeddable":true,"href":"https:\/\/www.europesays.com\/fr\/wp-json\/wp\/v2\/comments?post=455930"}],"version-history":[{"count":0,"href":"https:\/\/www.europesays.com\/fr\/wp-json\/wp\/v2\/posts\/455930\/revisions"}],"wp:featuredmedia":[{"embeddable":true,"href":"https:\/\/www.europesays.com\/fr\/wp-json\/wp\/v2\/media\/455931"}],"wp:attachment":[{"href":"https:\/\/www.europesays.com\/fr\/wp-json\/wp\/v2\/media?parent=455930"}],"wp:term":[{"taxonomy":"category","embeddable":true,"href":"https:\/\/www.europesays.com\/fr\/wp-json\/wp\/v2\/categories?post=455930"},{"taxonomy":"post_tag","embeddable":true,"href":"https:\/\/www.europesays.com\/fr\/wp-json\/wp\/v2\/tags?post=455930"}],"curies":[{"name":"wp","href":"https:\/\/api.w.org\/{rel}","templated":true}]}}