{"id":455932,"date":"2025-10-11T21:27:14","date_gmt":"2025-10-11T21:27:14","guid":{"rendered":"https:\/\/www.europesays.com\/fr\/455932\/"},"modified":"2025-10-11T21:27:14","modified_gmt":"2025-10-11T21:27:14","slug":"treize-ans-de-prison-en-appel-pour-une-mere-accusee-davoir-viole-sa-fille-entre-2017-et-2022","status":"publish","type":"post","link":"https:\/\/www.europesays.com\/fr\/455932\/","title":{"rendered":"Treize ans de prison en appel pour une m\u00e8re accus\u00e9e d\u2019avoir viol\u00e9 sa fille entre 2017 et 2022"},"content":{"rendered":"<p>Jeudi\u00a09 et vendredi 10\u00a0octobre 2025, une m\u00e8re de famille \u00e9tait jug\u00e9e devant la cour d\u2019assises d\u2019appel de Rennes, <a href=\"https:\/\/saint-brieuc.maville.com\/actu\/actudet_-les-agissements-pervers-d-un-couple-suspecte-de-viols-incestueux-juges-a-saint-brieuc-_5-6645884_actu.Htm\" target=\"_blank\" rel=\"nofollow noopener\">pour des viols incestueux commis sur sa fille, entre 2017 et 2022.<\/a><\/p>\n<p>En janvier\u00a02025, elle avait \u00e9t\u00e9 condamn\u00e9e \u00e0 12\u00a0ans de r\u00e9clusion criminelle en premi\u00e8re instance, par la cour d\u2019assises des C\u00f4tes-d\u2019Armor, \u00e0 Saint-Brieuc. Son ex-mari et l\u2019amant du couple avaient \u00e9galement \u00e9t\u00e9 condamn\u00e9s, respectivement \u00e0 17 et 10\u00a0ans de r\u00e9clusion, ils n\u2019avaient pas fait appel.<\/p>\n<p>Des inconnus sur des aires de repos<\/p>\n<p>\u00c0 l\u2019issue des deux jours de d\u00e9bats, cette femme (*), aujourd\u2019hui \u00e2g\u00e9e de 42\u00a0ans, a vu sa peine alourdie par la cour d\u2019appel, qui l\u2019a condamn\u00e9e \u00e0 13\u00a0ans de r\u00e9clusion criminelle.<\/p>\n<p><strong>Lire aussi\u00a0:<\/strong> <a href=\"https:\/\/saint-brieuc.maville.com\/actu\/actudet_--je-n-ai-pas-les-mots-pour-dire-pardon-la-prison-pour-les-parents-incestueux-des-cotes-d-armor-_5-6648935_actu.Htm\" target=\"_blank\" rel=\"nofollow noopener\">\u00ab\u00a0Je n\u2019ai pas les mots pour dire pardon\u00a0\u00bb\u00a0: la prison pour les parents incestueux des C\u00f4tes-d\u2019Armor<\/a><\/p>\n<p>Entre 2017 et 2022, en Ille-et-Vilaine puis dans la r\u00e9gion de Loud\u00e9ac, le couple et son amant violaient la fille de la m\u00e8re, \u00e2g\u00e9e d\u2019une dizaine d\u2019ann\u00e9es, presque tous les jours, et l\u2019offraient \u00e0 des inconnus sur des aires de repos ou de covoiturage. Des inconnus contact\u00e9s sur le site Coco, d\u00e9sormais ferm\u00e9. La victime, aujourd\u2019hui majeure, avait appris lors du proc\u00e8s en premi\u00e8re instance \u00e0 Saint-Brieuc, qu\u2019elle \u00e9tait n\u00e9e d\u2019un viol.<\/p>\n<p>(*) La loi interdit de divulguer l\u2019identit\u00e9 d\u2019agresseurs sexuels qui permettrait de conna\u00eetre celle de la victime.<\/p>\n<p>\u00a0<\/p>\n","protected":false},"excerpt":{"rendered":"Jeudi\u00a09 et vendredi 10\u00a0octobre 2025, une m\u00e8re de famille \u00e9tait jug\u00e9e devant la cour d\u2019assises d\u2019appel de Rennes,&hellip;\n","protected":false},"author":2,"featured_media":455933,"comment_status":"","ping_status":"","sticky":false,"template":"","format":"standard","meta":{"footnotes":""},"categories":[2821],"tags":[13962,58126,43370,1111,11,1764,7431,829,1777,674,195,1011,27,5875,12,806,584,25,51650],"class_list":{"0":"post-455932","1":"post","2":"type-post","3":"status-publish","4":"format-standard","5":"has-post-thumbnail","7":"category-rennes","8":"tag-13962","9":"tag-58126","10":"tag-accusee","11":"tag-actu","12":"tag-actualites","13":"tag-ans","14":"tag-appel","15":"tag-bretagne","16":"tag-eu","17":"tag-europe","18":"tag-fille","19":"tag-fr","20":"tag-france","21":"tag-mere","22":"tag-news","23":"tag-prison","24":"tag-rennes","25":"tag-republique-francaise","26":"tag-viole"},"share_on_mastodon":{"url":"https:\/\/pubeurope.com\/@fr\/115357656313576542","error":""},"_links":{"self":[{"href":"https:\/\/www.europesays.com\/fr\/wp-json\/wp\/v2\/posts\/455932","targetHints":{"allow":["GET"]}}],"collection":[{"href":"https:\/\/www.europesays.com\/fr\/wp-json\/wp\/v2\/posts"}],"about":[{"href":"https:\/\/www.europesays.com\/fr\/wp-json\/wp\/v2\/types\/post"}],"author":[{"embeddable":true,"href":"https:\/\/www.europesays.com\/fr\/wp-json\/wp\/v2\/users\/2"}],"replies":[{"embeddable":true,"href":"https:\/\/www.europesays.com\/fr\/wp-json\/wp\/v2\/comments?post=455932"}],"version-history":[{"count":0,"href":"https:\/\/www.europesays.com\/fr\/wp-json\/wp\/v2\/posts\/455932\/revisions"}],"wp:featuredmedia":[{"embeddable":true,"href":"https:\/\/www.europesays.com\/fr\/wp-json\/wp\/v2\/media\/455933"}],"wp:attachment":[{"href":"https:\/\/www.europesays.com\/fr\/wp-json\/wp\/v2\/media?parent=455932"}],"wp:term":[{"taxonomy":"category","embeddable":true,"href":"https:\/\/www.europesays.com\/fr\/wp-json\/wp\/v2\/categories?post=455932"},{"taxonomy":"post_tag","embeddable":true,"href":"https:\/\/www.europesays.com\/fr\/wp-json\/wp\/v2\/tags?post=455932"}],"curies":[{"name":"wp","href":"https:\/\/api.w.org\/{rel}","templated":true}]}}