{"id":455934,"date":"2025-10-11T21:28:11","date_gmt":"2025-10-11T21:28:11","guid":{"rendered":"https:\/\/www.europesays.com\/fr\/455934\/"},"modified":"2025-10-11T21:28:11","modified_gmt":"2025-10-11T21:28:11","slug":"on-a-laisse-les-rennaises-dans-le-match-accroche-le-quimper-volley-sen-sort-contre-rennes","status":"publish","type":"post","link":"https:\/\/www.europesays.com\/fr\/455934\/","title":{"rendered":"\u00ab\u00a0On a laiss\u00e9 les Rennaises dans le match\u00a0\u00bb\u00a0: accroch\u00e9, le Quimper Volley s\u2019en sort contre Rennes"},"content":{"rendered":"<p>Volley. \u00c9lite F\u00e9minine (3e journ\u00e9e). Quimper Volley &#8211; Rennes EC : 3-1<\/p>\n<p>Au bout de quatre sets acharn\u00e9s, le Quimper Volley a obtenu gain de cause, samedi, aux d\u00e9pens d\u2019une vaillante formation rennaise, avec laquelle il faudra certainement compter cette saison.<\/p>\n<p>Souvent malmen\u00e9es, les Quimp\u00e9roises ont titub\u00e9 face au Rec, mais ne sont pas tomb\u00e9es. C\u2019est bien la conclusion essentielle qu\u2019il faudra retenir de cette partie. Les joueuses de Fran\u00e7ois-Xavier Garnon sont loin d\u2019avoir \u00e9volu\u00e9 sous leur meilleur jour. Loin s\u2019en faut ! Que d\u2019impr\u00e9cisions en d\u00e9fense ! Que de fautes directes au service et surtout que d\u2019absences au filet, secteur o\u00f9 les Rennaises ont rayonn\u00e9 tout le match \u00e0 l\u2019image de Lisa Lecouls, impeccable au bloc. Les Quimp\u00e9roises disposent-elles d\u2019une marge de s\u00e9curit\u00e9 substantielle pour survivre face \u00e0 des formations comme le Rec qui flirtent avec le haut du tableau ? On peut le penser. Fran\u00e7ois Xavier Garnon, le premier. \u00ab C\u2019\u00e9tait un gros test pour nous face \u00e0 une \u00e9quipe tr\u00e8s compl\u00e8te. On a laiss\u00e9 les Rennaises dans le match \u00e0 cause de nos fautes directes, trop importantes \u00e0 mon go\u00fbt. Il va falloir travailler, car ce soir, \u00e7a s\u2019est jou\u00e9 \u00e0 peu de choses \u00bb.<\/p>\n<p>Henyo, la foudre !<\/p>\n<p>Les partenaires de Pauline Martin ont ainsi fait durer le plaisir. Elles ont fait les montagnes russes quasiment toute la partie, qu\u2019elles auraient d\u00fb boucler en trois sets. Maladroites, elles ont trouv\u00e9 du r\u00e9pondant avec Goodman et Jaunet. Et si Nihel El Ghoul a \u00e9volu\u00e9 \u00e0 son niveau, il a fallu une Julie Henyo retrouv\u00e9e sur la fin, pour sortir les Quimp\u00e9roises de ce gu\u00eapier. Surpuissante au poste 4 et derri\u00e8re la ligne des 3 m\u00e8tres, Henyo a fait parler la foudre lors du 4e set. Avec 21 attaques gagnantes \u00e0 son actif, elle a fait pencher le match du bon c\u00f4t\u00e9. Un avertissement sans frais donc pour le Quimper Volley qui demeure leader du championnat.<\/p>\n<p class=\"titre-tech\">La fiche technique<\/p>\n<p class=\"tech\"><strong class=\"tech\">Arbitres :<\/strong> Claudiana Wagner et Amsetou Mingorance.<\/p>\n<p class=\"tech\"><strong class=\"tech\">Sets. <\/strong>25-23 en 26&prime;, 26-28 en 38&prime;, 25-23 en 25&prime;, 25-20 en 26&prime;.<\/p>\n<p class=\"tech\"><strong class=\"tech\">Points gagnants.<\/strong> Quimper : Henyo (23), El Ghoul (22), Darthuy (4), Martin (4), Sullivan (4), Bruin (4), Miniuk (2), Studer (). Rennes : Goodman (15), Jaunet (13), Lecouls (10), Zezzi Piata (10), Jauneau (3), Bolley (2), Robert (1).<\/p>\n","protected":false},"excerpt":{"rendered":"Volley. \u00c9lite F\u00e9minine (3e journ\u00e9e). Quimper Volley &#8211; Rennes EC : 3-1 Au bout de quatre sets acharn\u00e9s,&hellip;\n","protected":false},"author":2,"featured_media":455935,"comment_status":"","ping_status":"","sticky":false,"template":"","format":"standard","meta":{"footnotes":""},"categories":[2821],"tags":[1111,11,829,3166,1777,674,1011,27,12,3319,584,25,60,1470],"class_list":{"0":"post-455934","1":"post","2":"type-post","3":"status-publish","4":"format-standard","5":"has-post-thumbnail","7":"category-rennes","8":"tag-actu","9":"tag-actualites","10":"tag-bretagne","11":"tag-en-continu-sports","12":"tag-eu","13":"tag-europe","14":"tag-fr","15":"tag-france","16":"tag-news","17":"tag-quimper","18":"tag-rennes","19":"tag-republique-francaise","20":"tag-sports","21":"tag-volley"},"share_on_mastodon":{"url":"https:\/\/pubeurope.com\/@fr\/115357660294824358","error":""},"_links":{"self":[{"href":"https:\/\/www.europesays.com\/fr\/wp-json\/wp\/v2\/posts\/455934","targetHints":{"allow":["GET"]}}],"collection":[{"href":"https:\/\/www.europesays.com\/fr\/wp-json\/wp\/v2\/posts"}],"about":[{"href":"https:\/\/www.europesays.com\/fr\/wp-json\/wp\/v2\/types\/post"}],"author":[{"embeddable":true,"href":"https:\/\/www.europesays.com\/fr\/wp-json\/wp\/v2\/users\/2"}],"replies":[{"embeddable":true,"href":"https:\/\/www.europesays.com\/fr\/wp-json\/wp\/v2\/comments?post=455934"}],"version-history":[{"count":0,"href":"https:\/\/www.europesays.com\/fr\/wp-json\/wp\/v2\/posts\/455934\/revisions"}],"wp:featuredmedia":[{"embeddable":true,"href":"https:\/\/www.europesays.com\/fr\/wp-json\/wp\/v2\/media\/455935"}],"wp:attachment":[{"href":"https:\/\/www.europesays.com\/fr\/wp-json\/wp\/v2\/media?parent=455934"}],"wp:term":[{"taxonomy":"category","embeddable":true,"href":"https:\/\/www.europesays.com\/fr\/wp-json\/wp\/v2\/categories?post=455934"},{"taxonomy":"post_tag","embeddable":true,"href":"https:\/\/www.europesays.com\/fr\/wp-json\/wp\/v2\/tags?post=455934"}],"curies":[{"name":"wp","href":"https:\/\/api.w.org\/{rel}","templated":true}]}}