{"id":455936,"date":"2025-10-11T21:29:13","date_gmt":"2025-10-11T21:29:13","guid":{"rendered":"https:\/\/www.europesays.com\/fr\/455936\/"},"modified":"2025-10-11T21:29:13","modified_gmt":"2025-10-11T21:29:13","slug":"strasbourg-place-de-zurich-lofftober-fest-assure-lambiance-dans-la-tradition-bavaroise","status":"publish","type":"post","link":"https:\/\/www.europesays.com\/fr\/455936\/","title":{"rendered":"Strasbourg. Place de Zurich, l\u2019OFFtober Fest assure l\u2019ambiance dans la tradition bavaroise !"},"content":{"rendered":"<p>Un chapiteau pour \u00eatre au chaud en soir\u00e9e, de longues tabl\u00e9es chaloupant au rythme des musiciens, des fanions ciel et blanc, une Currywurst ou un Schnitzel dans l\u2019assiette, une pinte de mousse \u00e0 la main\u2026 \u00c7a vous rappelle quelque chose\u00a0?<\/p>\n<p>Place de Zurich, De La Food organise ce week-end son \u00ab\u00a0OFFtober Fest\u00a0\u00bb, d\u00e9clinaison locale de l\u2019Oktoberfest munichois, faisant souffler un air bavarois sur Strasbourg, au nom de l\u2019amiti\u00e9 franco-allemande.<\/p>\n<p>  Musique folklorique et DJs<\/p>\n<p>Ce dimanche encore, de 11\u00a0h \u00e0 20\u00a0h, la deuxi\u00e8me \u00e9dition de cet \u00e9v\u00e9nement entre folklores et festivit\u00e9s \u2013 <a href=\"https:\/\/www.dna.fr\/societe\/2023\/10\/14\/la-place-broglie-a-l-heure-munichoise\" target=\"_blank\" rel=\"nofollow noopener\"> la premi\u00e8re avait eu lieu en 2023 place Broglie, sous une m\u00e9t\u00e9o bien moins cl\u00e9mente \u2014<\/a> animera la Krutenau.<\/p>\n<p>Au gr\u00e9 de la petite dizaine de food-trucks pr\u00e9sents, les gourmands auront le choix entre un hot-dog alsacien et une bretzel, des tartes flamb\u00e9es et des Langos (une galette de p\u00e2te frite d\u2019origine hongroise appr\u00e9ci\u00e9e outre-Rhin), une tarte au fromage blanc comme sur le Marktplatz de Freiburg-im-Breisgau, <a href=\"https:\/\/www.dna.fr\/culture-loisirs\/2024\/05\/25\/les-dampfnudel-ces-petits-pains-gonfles-de-possibilites\" target=\"_blank\" rel=\"nofollow noopener\">ou de (tr\u00e8s tentantes) Dampfnudeln made in Strasbourg.<\/a><\/p>\n<p>Danses, jeux et autres ateliers de cuisine permettront aussi de s\u2019ambiancer au son des Schlager ou de musiques plus contemporaines distill\u00e9es par des DJs. L\u2019entr\u00e9e est libre. Lederhosen et Dirndl sont les bienvenus\u00a0!<\/p>\n","protected":false},"excerpt":{"rendered":"Un chapiteau pour \u00eatre au chaud en soir\u00e9e, de longues tabl\u00e9es chaloupant au rythme des musiciens, des fanions&hellip;\n","protected":false},"author":2,"featured_media":455937,"comment_status":"","ping_status":"","sticky":false,"template":"","format":"standard","meta":{"footnotes":""},"categories":[2820],"tags":[1111,11,4406,130,1687,33,2880,1777,674,3326,107,1011,27,775,12,4043,25,953,640,2879],"class_list":{"0":"post-455936","1":"post","2":"type-post","3":"status-publish","4":"format-standard","5":"has-post-thumbnail","7":"category-strasbourg","8":"tag-actu","9":"tag-actualites","10":"tag-commerce-et-services","11":"tag-consommation","12":"tag-culture-loisirs","13":"tag-economie","14":"tag-edition-strasbourg","15":"tag-eu","16":"tag-europe","17":"tag-fete-locale","18":"tag-fil-info","19":"tag-fr","20":"tag-france","21":"tag-grand-est","22":"tag-news","23":"tag-repas-et-the-dansant","24":"tag-republique-francaise","25":"tag-soiree","26":"tag-strasbourg","27":"tag-strasbourg-ville"},"share_on_mastodon":{"url":"https:\/\/pubeurope.com\/@fr\/115357664149569102","error":""},"_links":{"self":[{"href":"https:\/\/www.europesays.com\/fr\/wp-json\/wp\/v2\/posts\/455936","targetHints":{"allow":["GET"]}}],"collection":[{"href":"https:\/\/www.europesays.com\/fr\/wp-json\/wp\/v2\/posts"}],"about":[{"href":"https:\/\/www.europesays.com\/fr\/wp-json\/wp\/v2\/types\/post"}],"author":[{"embeddable":true,"href":"https:\/\/www.europesays.com\/fr\/wp-json\/wp\/v2\/users\/2"}],"replies":[{"embeddable":true,"href":"https:\/\/www.europesays.com\/fr\/wp-json\/wp\/v2\/comments?post=455936"}],"version-history":[{"count":0,"href":"https:\/\/www.europesays.com\/fr\/wp-json\/wp\/v2\/posts\/455936\/revisions"}],"wp:featuredmedia":[{"embeddable":true,"href":"https:\/\/www.europesays.com\/fr\/wp-json\/wp\/v2\/media\/455937"}],"wp:attachment":[{"href":"https:\/\/www.europesays.com\/fr\/wp-json\/wp\/v2\/media?parent=455936"}],"wp:term":[{"taxonomy":"category","embeddable":true,"href":"https:\/\/www.europesays.com\/fr\/wp-json\/wp\/v2\/categories?post=455936"},{"taxonomy":"post_tag","embeddable":true,"href":"https:\/\/www.europesays.com\/fr\/wp-json\/wp\/v2\/tags?post=455936"}],"curies":[{"name":"wp","href":"https:\/\/api.w.org\/{rel}","templated":true}]}}