{"id":455942,"date":"2025-10-11T21:33:10","date_gmt":"2025-10-11T21:33:10","guid":{"rendered":"https:\/\/www.europesays.com\/fr\/455942\/"},"modified":"2025-10-11T21:33:10","modified_gmt":"2025-10-11T21:33:10","slug":"pepites-botaniques-ce-dimanche-au-sud-de-nantes","status":"publish","type":"post","link":"https:\/\/www.europesays.com\/fr\/455942\/","title":{"rendered":"P\u00e9pites botaniques\u00a0ce dimanche au sud de Nantes"},"content":{"rendered":"<p>\u00ab\u00a0Les P\u00e9pites Botaniques\u00a0\u00bb, c\u2019est la f\u00eate des plantes atypiques\u00a0: quarante p\u00e9pini\u00e9ristes estampill\u00e9s \u00ab\u00a0producteurs et collectionneurs\u00a0\u00bb sont attendus \u00e0 cette expo vente de \u00ab\u00a0tr\u00e9sors botaniques\u00a0\u00bb, de plantes rares voire de collection.<\/p>\n<p>De 14\u00a0h \u00e0 16\u00a0h, le troc de plantes permettra d\u2019\u00e9changer les graines, boutures et plants entre amateurs avertis, l\u2019occasion de \u00ab\u00a0bavardages jardiniers\u00a0\u00bb pour \u00e9changer astuces et d\u00e9couvertes. \u00c0 16\u00a0h\u00a030, remise des p\u00e9pites d\u2019or, d\u2019argent et de bronze aux exposants pr\u00e9sents.<\/p>\n<p>Parc du ch\u00e2teau de Rochefort\u00a0\u00e0 la Haye-Fouassi\u00e8re, dimanche de 10\u00a0h \u00e0 18\u00a0h.<\/p>\n<p>\u00a0<\/p>\n","protected":false},"excerpt":{"rendered":"\u00ab\u00a0Les P\u00e9pites Botaniques\u00a0\u00bb, c\u2019est la f\u00eate des plantes atypiques\u00a0: quarante p\u00e9pini\u00e9ristes estampill\u00e9s \u00ab\u00a0producteurs et collectionneurs\u00a0\u00bb sont attendus \u00e0&hellip;\n","protected":false},"author":2,"featured_media":455943,"comment_status":"","ping_status":"","sticky":false,"template":"","format":"standard","meta":{"footnotes":""},"categories":[2818],"tags":[1111,11,58127,6664,1777,674,1011,27,766,12,2636,9254,25,3272,7053],"class_list":{"0":"post-455942","1":"post","2":"type-post","3":"status-publish","4":"format-standard","5":"has-post-thumbnail","7":"category-nantes","8":"tag-actu","9":"tag-actualites","10":"tag-botaniques","11":"tag-dimanche","12":"tag-eu","13":"tag-europe","14":"tag-fr","15":"tag-france","16":"tag-nantes","17":"tag-news","18":"tag-pays-de-la-loire","19":"tag-pepites","20":"tag-republique-francaise","21":"tag-saint-nazaire","22":"tag-sud"},"share_on_mastodon":{"url":"https:\/\/pubeurope.com\/@fr\/115357679869648892","error":""},"_links":{"self":[{"href":"https:\/\/www.europesays.com\/fr\/wp-json\/wp\/v2\/posts\/455942","targetHints":{"allow":["GET"]}}],"collection":[{"href":"https:\/\/www.europesays.com\/fr\/wp-json\/wp\/v2\/posts"}],"about":[{"href":"https:\/\/www.europesays.com\/fr\/wp-json\/wp\/v2\/types\/post"}],"author":[{"embeddable":true,"href":"https:\/\/www.europesays.com\/fr\/wp-json\/wp\/v2\/users\/2"}],"replies":[{"embeddable":true,"href":"https:\/\/www.europesays.com\/fr\/wp-json\/wp\/v2\/comments?post=455942"}],"version-history":[{"count":0,"href":"https:\/\/www.europesays.com\/fr\/wp-json\/wp\/v2\/posts\/455942\/revisions"}],"wp:featuredmedia":[{"embeddable":true,"href":"https:\/\/www.europesays.com\/fr\/wp-json\/wp\/v2\/media\/455943"}],"wp:attachment":[{"href":"https:\/\/www.europesays.com\/fr\/wp-json\/wp\/v2\/media?parent=455942"}],"wp:term":[{"taxonomy":"category","embeddable":true,"href":"https:\/\/www.europesays.com\/fr\/wp-json\/wp\/v2\/categories?post=455942"},{"taxonomy":"post_tag","embeddable":true,"href":"https:\/\/www.europesays.com\/fr\/wp-json\/wp\/v2\/tags?post=455942"}],"curies":[{"name":"wp","href":"https:\/\/api.w.org\/{rel}","templated":true}]}}