{"id":455952,"date":"2025-10-11T21:38:12","date_gmt":"2025-10-11T21:38:12","guid":{"rendered":"https:\/\/www.europesays.com\/fr\/455952\/"},"modified":"2025-10-11T21:38:12","modified_gmt":"2025-10-11T21:38:12","slug":"je-suis-un-commercial-14-ans-de-prison-pour-le-cerveau-dun-reseau-de-prostitution-dadolescentes-a-toulouse","status":"publish","type":"post","link":"https:\/\/www.europesays.com\/fr\/455952\/","title":{"rendered":"\u00ab\u00a0Je suis un commercial\u00a0\u00bb\u00a0: 14\u00a0ans de prison pour le cerveau d\u2019un r\u00e9seau de prostitution d\u2019adolescentes \u00e0 Toulouse"},"content":{"rendered":"<p class=\"paragraph text_align_left lp-f-body-02\">C\u2019est la fin d\u2019une affaire tentaculaire et dramatique, <a href=\"https:\/\/www.leparisien.fr\/faits-divers\/linquietante-banalisation-de-la-prostitution-des-mineurs-14-06-2025-HNHWHOEUNBEIDEWN6WXDHOBZ7U.php\" target=\"_blank\" rel=\"noreferrer nofollow noopener\">symbole de l\u2019exploitation sexuelle des mineures dans l\u2019hexagone, en pleine expansion<\/a>. Treize membres d\u2019un r\u00e9seau de prostitution ont \u00e9t\u00e9 condamn\u00e9s vendredi par le tribunal correctionnel de Toulouse, qui a prononc\u00e9 une peine de 14\u00a0ans de prison contre le cerveau qui op\u00e9rait depuis sa cellule et recrutait des adolescentes de 14 \u00e0 16 ans.<\/p>\n<p class=\"paragraph text_align_left lp-f-body-02\">Les douze autres membres du r\u00e9seau, \u00e2g\u00e9s d\u2019une vingtaine d\u2019ann\u00e9es, ont \u00e9t\u00e9 condamn\u00e9s \u00e0 des peines allant de 2 \u00e0 6 ans d\u2019emprisonnement, en fonction de leur degr\u00e9 d\u2019implication dans cette organisation qui prostituait des jeunes filles plac\u00e9es ou suivies par l\u2019Aide sociale \u00e0 l\u2019enfance (ASE).<\/p>\n<p class=\"paragraph text_align_left lp-f-body-02\">L\u2019un des quatorze pr\u00e9venus a \u00e9t\u00e9 relax\u00e9 \u00e0 l\u2019issue du proc\u00e8s qui avait d\u00e9but\u00e9 lundi. Huit mineurs membres du r\u00e9seau seront jug\u00e9s ult\u00e9rieurement par le tribunal pour enfants.<\/p>\n<p>Un r\u00e9seau g\u00e9r\u00e9 depuis sa cellule<\/p>\n<p class=\"paragraph text_align_left lp-f-body-02\">L\u2019enqu\u00eate a permis d\u2019\u00e9tablir que les prox\u00e9n\u00e8tes avaient organis\u00e9 des voyages pour prostituer les adolescentes \u00e0 Paris, en Suisse et en Belgique, avec l\u2019objectif de profiter de l\u00e9gislations plus favorables. Le principal pr\u00e9venu, Olivier Habchi Hamadouche, 29\u00a0ans, avait d\u00e9j\u00e0 \u00e9t\u00e9 condamn\u00e9 dans une autre affaire \u00e0 25\u00a0ans de r\u00e9clusion criminelle pour des faits d\u2019enl\u00e8vement et s\u00e9questration suivis de mort.<\/p>\n<p class=\"lp-card-podcast-highlighting__title  lp-f-subtitle-05\">[1\/2] Tuerie d\u2019Auriol\u00a0: la famille massacr\u00e9e et les barbouzes gaullistes<\/p>\n<p class=\"lp-card-podcast-highlighting__description lp-f-ui-05\">Crime story raconte chaque semaine les grandes affaires criminelles.<\/p>\n<p><a class=\"lp-card-podcast-highlighting__call-to-action\" data-page-type=\"HP\" data-block-name=\"podcast-highlight\">\u00c9couter<\/a><\/p>\n<p class=\"paragraph text_align_left lp-f-body-02\">Mercredi, le procureur avait requis vingt ans, maximum de la peine encourue devant un tribunal correctionnel en \u00e9tat de r\u00e9cidive, contre cet individu surnomm\u00e9 Mowgli, qui a cr\u00e9\u00e9 et dirig\u00e9 le r\u00e9seau depuis sa cellule de prison \u00e0 B\u00e9ziers.<\/p>\n<p class=\"paragraph text_align_left lp-f-body-02\">\u00ab\u00a0Mettez-moi une peine, je la m\u00e9rite. Mais je ne m\u00e9rite pas vingt ans\u00a0\u00bb, avait-il lanc\u00e9 plus t\u00f4t vendredi depuis le box, lors de sa derni\u00e8re prise de parole devant le tribunal.<\/p>\n<p>\u00ab\u00a0Polytraumatis\u00e9es\u00a0\u00bb<\/p>\n<p class=\"paragraph text_align_left lp-f-body-02\">Il se serait enrichi d\u2019au moins 100\u00a0000\u00a0euros de juillet\u00a02023 \u00e0 janvier\u00a02024, p\u00e9riode retenue par le tribunal, selon les estimations des enqu\u00eateurs. Le tribunal l\u2019a condamn\u00e9 \u00e0 50\u00a0000\u00a0euros d\u2019amende et \u00e0 verser des sommes aux victimes au titre du pr\u00e9judice moral.<\/p>\n<p class=\"paragraph text_align_left lp-f-body-02\">Le r\u00e9seau a \u00e9t\u00e9 d\u00e9mantel\u00e9 par les gendarmes de la section de recherche de Toulouse. Quatre adolescentes se sont constitu\u00e9es partie civile sur les &#8211; au moins &#8211; dix victimes identifi\u00e9es lors de l\u2019enqu\u00eate.<\/p>\n<p class=\"paragraph text_align_left lp-f-body-02\">Certaines recevaient entre 20 et 30 clients par jour, elles \u00e9taient \u00ab\u00a0polytraumatis\u00e9es\u00a0\u00bb selon le repr\u00e9sentant du minist\u00e8re public M. Lamouille.<\/p>\n<p class=\"paragraph text_align_left lp-f-body-02\">\u00ab\u00a0La responsabilit\u00e9 des uns et des autres a \u00e9t\u00e9 reconnue. C\u2019est une d\u00e9cision un peu du milieu. Car on aurait envie de dire que pour des faits aussi graves, aucune peine n\u2019est suffisante\u00a0\u00bb, a estim\u00e9 Me Jonathan Bomstain, avocat d\u2019une partie civile.<\/p>\n<p>\u00ab\u00a0Comme une entreprise\u00a0\u00bb<\/p>\n<p class=\"paragraph text_align_left lp-f-body-02\">\u00ab\u00a0Ces jeunes filles n\u2019ont jamais perdu leur dignit\u00e9. On a fini la premi\u00e8re \u00e9tape. Elles sont reconnues victimes et c\u2019\u00e9tait tr\u00e8s important qu\u2019elles le soient, pour qu\u2019elles puissent ensuite le comprendre\u00a0\u00bb, a pour sa part d\u00e9clar\u00e9 Me Tabatha Merlateau, autre avocate d\u2019une victime.<\/p>\n<p class=\"paragraph text_align_left lp-f-body-02\">Pour Me Guillaume L\u00e9guevaques, lui aussi avocat de partie civile, \u00ab\u00a0il est n\u00e9cessaire de poursuivre l\u2019effort judiciaire afin que chacun prenne la mesure de ce que subissent les victimes, en particulier lorsqu\u2019elles sont jeunes et vuln\u00e9rables\u00a0\u00bb.<\/p>\n<p class=\"paragraph text_align_left lp-f-body-02\">Une des victimes, qui n\u2019avait que 15\u00a0ans, a assur\u00e9 aux enqu\u00eateurs avoir \u00e9t\u00e9 s\u00e9questr\u00e9e alors qu\u2019elle ne voulait plus continuer \u00e0 se prostituer.<\/p>\n<p class=\"paragraph text_align_left lp-f-body-02\">Plusieurs membres du r\u00e9seau, dont son chef, avaient r\u00e9fut\u00e9 toute forme de contrainte. \u00ab\u00a0Franchement \u00e7a m\u2019a plu, c\u2019\u00e9tait comme une entreprise\u00a0\u00bb, a d\u00e9clar\u00e9 devant le tribunal correctionnel le chef du r\u00e9seau, \u00ab\u00a0je suis un commercial. Le prox\u00e9n\u00e9tisme, c\u2019est de l\u2019amour, les personnes \u00e9taient consentantes\u00a0\u00bb.<\/p>\n<p>L\u2019exploitation sexuelle des mineures est en pleine croissance en France<\/p>\n<p class=\"paragraph text_align_left lp-f-body-02\">\u00ab\u00a0La femme est pay\u00e9e, ce n\u2019est pas un viol\u00a0\u00bb, \u00ab\u00a0vous voulez me faire passer pour un monstre\u00a0\u00bb, a-t-il encore dit \u00e0 la barre durant le proc\u00e8s. Les victimes du r\u00e9seau \u00ab\u00a0sont des jeunes filles qui sont dans la pr\u00e9carit\u00e9 \u00e9motionnelle, sociale, psychologique\u00a0\u00bb, a d\u00e9clar\u00e9 devant le tribunal une enqu\u00eatrice de la gendarmerie.<\/p>\n<p class=\"paragraph text_align_left lp-f-body-02\">Le procureur Tristan Lamouille a soulign\u00e9 qu\u2019il s\u2019agissait d\u2019adolescentes \u00ab\u00a0en difficult\u00e9 psychologique\u00a0\u00bb du fait de leurs parcours personnels, des victimes comme l\u2019on en retrouve d\u00e9sormais dans de nombreux dossiers du m\u00eame type, \u00e9grainant pour en t\u00e9moigner plus de 80 pr\u00e9noms cit\u00e9s dans des proc\u00e9dures similaires, rien qu\u2019en r\u00e9gion toulousaine, ainsi que leur \u00e2ge, de 12 \u00e0 17 ans.<\/p>\n<p class=\"paragraph text_align_left lp-f-body-02\">L\u2019exploitation sexuelle des mineures est en pleine croissance en France, o\u00f9 les condamnations de prox\u00e9n\u00e8tes se multiplient. Dans le pays, les associations estiment \u00e0 au moins 15 000 voire plus de 20 000 le nombre de mineurs, essentiellement des jeunes filles, en situation de prostitution.<\/p>\n","protected":false},"excerpt":{"rendered":"C\u2019est la fin d\u2019une affaire tentaculaire et dramatique, symbole de l\u2019exploitation sexuelle des mineures dans l\u2019hexagone, en pleine&hellip;\n","protected":false},"author":2,"featured_media":455953,"comment_status":"","ping_status":"","sticky":false,"template":"","format":"standard","meta":{"footnotes":""},"categories":[2816],"tags":[1111,11,459,1777,674,118,1011,27,12,2680,25,2312],"class_list":{"0":"post-455952","1":"post","2":"type-post","3":"status-publish","4":"format-standard","5":"has-post-thumbnail","7":"category-toulouse","8":"tag-actu","9":"tag-actualites","10":"tag-departements-horsidfo","11":"tag-eu","12":"tag-europe","13":"tag-faits-divers","14":"tag-fr","15":"tag-france","16":"tag-news","17":"tag-occitanie","18":"tag-republique-francaise","19":"tag-toulouse"},"share_on_mastodon":{"url":"https:\/\/pubeurope.com\/@fr\/115357699447278796","error":""},"_links":{"self":[{"href":"https:\/\/www.europesays.com\/fr\/wp-json\/wp\/v2\/posts\/455952","targetHints":{"allow":["GET"]}}],"collection":[{"href":"https:\/\/www.europesays.com\/fr\/wp-json\/wp\/v2\/posts"}],"about":[{"href":"https:\/\/www.europesays.com\/fr\/wp-json\/wp\/v2\/types\/post"}],"author":[{"embeddable":true,"href":"https:\/\/www.europesays.com\/fr\/wp-json\/wp\/v2\/users\/2"}],"replies":[{"embeddable":true,"href":"https:\/\/www.europesays.com\/fr\/wp-json\/wp\/v2\/comments?post=455952"}],"version-history":[{"count":0,"href":"https:\/\/www.europesays.com\/fr\/wp-json\/wp\/v2\/posts\/455952\/revisions"}],"wp:featuredmedia":[{"embeddable":true,"href":"https:\/\/www.europesays.com\/fr\/wp-json\/wp\/v2\/media\/455953"}],"wp:attachment":[{"href":"https:\/\/www.europesays.com\/fr\/wp-json\/wp\/v2\/media?parent=455952"}],"wp:term":[{"taxonomy":"category","embeddable":true,"href":"https:\/\/www.europesays.com\/fr\/wp-json\/wp\/v2\/categories?post=455952"},{"taxonomy":"post_tag","embeddable":true,"href":"https:\/\/www.europesays.com\/fr\/wp-json\/wp\/v2\/tags?post=455952"}],"curies":[{"name":"wp","href":"https:\/\/api.w.org\/{rel}","templated":true}]}}