{"id":455957,"date":"2025-10-11T21:42:10","date_gmt":"2025-10-11T21:42:10","guid":{"rendered":"https:\/\/www.europesays.com\/fr\/455957\/"},"modified":"2025-10-11T21:42:10","modified_gmt":"2025-10-11T21:42:10","slug":"une-derniere-soiree-tres-chaude","status":"publish","type":"post","link":"https:\/\/www.europesays.com\/fr\/455957\/","title":{"rendered":"une derni\u00e8re soir\u00e9e tr\u00e8s chaude !"},"content":{"rendered":"<p>Apr\u00e8s une premi\u00e8re soir\u00e9e envo\u00fbtante gr\u00e2ce \u00e0 Morcheeba jeudi, puis une deuxi\u00e8me soir\u00e9e domin\u00e9e par le funk de Keziah Jones, vendredi soir, la 34e <a href=\"https:\/\/www.laprovence.com\/article\/culture-loisirs\/14760207390298\/fiesta-des-suds-2025-youssoupha-rejoint-morcheeba-et-keziah-jones-decouvrez-la-programmation-complete\" target=\"_blank\" rel=\"noopener\">Fiesta des Suds<\/a> se terminait ce samedi 21 octobre 2025 avec une programmation tr\u00e8s festive pour une date sold out. En t\u00eate d&rsquo;affiche Kassav&rsquo;, le groupe pionnier et cr\u00e9ateur du zouk \u00e0 la crois\u00e9e des musiques antillaises et du funk nord-am\u00e9ricain. Mais pour cela, il fallait attendre quasiment 23\u00a0h\u00a030 pour danser coll\u00e9-serr\u00e9 devant la sc\u00e8ne c\u00f4t\u00e9 mer.<\/p>\n<p>En attendant, le public pouvait profiter du beau site install\u00e9 sur le J4. Sur la sc\u00e8ne\u00a0Etoile, <a href=\"https:\/\/www.laprovence.com\/article\/region\/19135238431300\/rastafari-et-sound-system-des-ce-soir-a-fontblanche\" target=\"_blank\" rel=\"noopener\">Joe Yorke<\/a>, artiste prometteur du reggae britannique performait, et au club Major, la musique prenait place d\u00e8s 19\u00a0h sous les boules disco. Sans compter La Bodega o\u00f9 l&rsquo;ambiance se r\u00e9chauffait d\u00e9j\u00e0 \u00e0 20 h et o\u00f9 les pas de danse s&rsquo;encha\u00eenaient. Tandis que d&rsquo;autres festivaliers avaient choisi de prendre d&rsquo;assaut les food-trucks.<\/p>\n<p>L&rsquo;\u00e9nergie de Groundation<\/p>\n<p>\u00c0 21 h, ce fut au tour de la premi\u00e8re t\u00eate d&rsquo;affiche de la soir\u00e9e de s&rsquo;installer sur la grande sc\u00e8ne Mer. Le groupe am\u00e9ricain de roots reggae originaire de Californie et embl\u00e9matique des ann\u00e9es\u00a02000, Groundation, a rassembl\u00e9 <a href=\"https:\/\/www.laprovence.com\/article\/region\/1666848155186315\/la-fiesta-des-suds-a-marseille-a-attire-25-000-festivaliers\" target=\"_blank\" rel=\"noopener\">les festivaliers<\/a> qui se sont r\u00e9unis&#8230;<\/p>\n","protected":false},"excerpt":{"rendered":"Apr\u00e8s une premi\u00e8re soir\u00e9e envo\u00fbtante gr\u00e2ce \u00e0 Morcheeba jeudi, puis une deuxi\u00e8me soir\u00e9e domin\u00e9e par le funk de&hellip;\n","protected":false},"author":2,"featured_media":455958,"comment_status":"","ping_status":"","sticky":false,"template":"","format":"standard","meta":{"footnotes":""},"categories":[2814],"tags":[17,1111,11,251,9424,154,1777,674,3274,1011,27,884,12,882,25,953,57674,96],"class_list":{"0":"post-455957","1":"post","2":"type-post","3":"status-publish","4":"format-standard","5":"has-post-thumbnail","7":"category-marseille","8":"tag-17","9":"tag-actu","10":"tag-actualites","11":"tag-culture","12":"tag-derniere","13":"tag-des","14":"tag-eu","15":"tag-europe","16":"tag-fiesta","17":"tag-fr","18":"tag-france","19":"tag-marseille","20":"tag-news","21":"tag-provence-alpes-cote-dazur","22":"tag-republique-francaise","23":"tag-soiree","24":"tag-suds","25":"tag-une"},"share_on_mastodon":{"url":"https:\/\/pubeurope.com\/@fr\/115357715270111891","error":""},"_links":{"self":[{"href":"https:\/\/www.europesays.com\/fr\/wp-json\/wp\/v2\/posts\/455957","targetHints":{"allow":["GET"]}}],"collection":[{"href":"https:\/\/www.europesays.com\/fr\/wp-json\/wp\/v2\/posts"}],"about":[{"href":"https:\/\/www.europesays.com\/fr\/wp-json\/wp\/v2\/types\/post"}],"author":[{"embeddable":true,"href":"https:\/\/www.europesays.com\/fr\/wp-json\/wp\/v2\/users\/2"}],"replies":[{"embeddable":true,"href":"https:\/\/www.europesays.com\/fr\/wp-json\/wp\/v2\/comments?post=455957"}],"version-history":[{"count":0,"href":"https:\/\/www.europesays.com\/fr\/wp-json\/wp\/v2\/posts\/455957\/revisions"}],"wp:featuredmedia":[{"embeddable":true,"href":"https:\/\/www.europesays.com\/fr\/wp-json\/wp\/v2\/media\/455958"}],"wp:attachment":[{"href":"https:\/\/www.europesays.com\/fr\/wp-json\/wp\/v2\/media?parent=455957"}],"wp:term":[{"taxonomy":"category","embeddable":true,"href":"https:\/\/www.europesays.com\/fr\/wp-json\/wp\/v2\/categories?post=455957"},{"taxonomy":"post_tag","embeddable":true,"href":"https:\/\/www.europesays.com\/fr\/wp-json\/wp\/v2\/tags?post=455957"}],"curies":[{"name":"wp","href":"https:\/\/api.w.org\/{rel}","templated":true}]}}