{"id":455959,"date":"2025-10-11T21:43:12","date_gmt":"2025-10-11T21:43:12","guid":{"rendered":"https:\/\/www.europesays.com\/fr\/455959\/"},"modified":"2025-10-11T21:43:12","modified_gmt":"2025-10-11T21:43:12","slug":"rhone-mobilisation-des-associations-a-lyon-la-situation-se-degrade","status":"publish","type":"post","link":"https:\/\/www.europesays.com\/fr\/455959\/","title":{"rendered":"Rh\u00f4ne. Mobilisation des associations \u00e0 Lyon\u00a0: \u00ab\u00a0La situation se d\u00e9grade\u00a0\u00bb"},"content":{"rendered":"<p>Elles sont venues dire \u00ab\u00a0Stop, \u00e7a ne tient plus\u00a0\u00bb, dressant un constat alarmant de leur situation financi\u00e8re. Les associations d\u2019Auvergne Rh\u00f4ne-Alpes se sont rassembl\u00e9es ce samedi quai Augagneur, \u00e0 Lyon 3e, pour appeler les pouvoirs publics \u00e0 maintenir leurs subventions, dans un contexte \u00e9conomique aussi tendu qu\u2019in\u00e9dit. Un peu plus de 200 personnes ont r\u00e9pondu \u00e0 l\u2019appel, lanc\u00e9 \u00e0 la mi-journ\u00e9e, \u00e0 l\u2019image de Cl\u00e9mence Roche, repr\u00e9sentante de l\u2019Afev, association de la fondation \u00e9tudiante pour la ville\u00a0: \u00ab\u00a0Dans le milieu associatif, les gens donnent de l\u2019\u00e9nergie, du temps. Les associations sont utiles au quotidien, mais elles souffrent aujourd\u2019hui de la baisse des subventions et du manque de reconnaissance\u00a0\u00bb.<\/p>\n<p>\u00ab\u00a0Ce n\u2019\u00e9tait pas possible de ne pas se mobiliser pour la d\u00e9fense du milieu associatif\u00a0\u00bb, a estim\u00e9 Hervelyne Isoard-Thomas (F\u00e9d\u00e9ration des \u0153uvres la\u00efques Rh\u00f4ne et M\u00e9tropole), soulignant \u00ab\u00a0des probl\u00e8mes de tr\u00e9sorerie\u00a0\u00bb au sein de nombreuses structures, \u00ab\u00a0qui doivent, pour certaines, licencier. On est toutes un peu touch\u00e9es, nous ne voulons pas nous laisser faire. On d\u00e9fend un mod\u00e8le\u00a0\u00bb.<\/p>\n<p>Et C\u00e9cile Vaesen, b\u00e9n\u00e9vole \u00e0 La cravate Solidaire (aide \u00e0 la r\u00e9insertion professionnelle) de mettre en avant une autre probl\u00e9matique\u00a0: celle de la possible baisse de la d\u00e9fiscalisation pour les dons associatifs, qui pourrait porter un coup de gr\u00e2ce financier \u00e0 certaines structures.<\/p>\n<p>  \u00ab\u00a0R\u00e9fl\u00e9chir \u00e0 la suite\u00a0\u00bb<\/p>\n<p>Apr\u00e8s la lecture d\u2019un texte commun, les participants ont form\u00e9 une cha\u00eene humaine sur les quais du Rh\u00f4ne, \u00ab\u00a0pour repr\u00e9senter le lien social\u00a0\u00bb. La date du 14\u00a0novembre a aussi \u00e9t\u00e9 avanc\u00e9e \u00ab\u00a0pour un temps de travail commun et r\u00e9fl\u00e9chir \u00e0 la suite\u00a0\u00bb.<\/p>\n","protected":false},"excerpt":{"rendered":"Elles sont venues dire \u00ab\u00a0Stop, \u00e7a ne tient plus\u00a0\u00bb, dressant un constat alarmant de leur situation financi\u00e8re. Les&hellip;\n","protected":false},"author":2,"featured_media":455960,"comment_status":"","ping_status":"","sticky":false,"template":"","format":"standard","meta":{"footnotes":""},"categories":[1889],"tags":[1111,11,2430,2757,1777,674,1011,27,2428,2756,12,25,2429,801,104,1631],"class_list":{"0":"post-455959","1":"post","2":"type-post","3":"status-publish","4":"format-standard","5":"has-post-thumbnail","7":"category-lyon","8":"tag-actu","9":"tag-actualites","10":"tag-auvergne-rhone-alpes","11":"tag-edition-lyon-villeurbanne","12":"tag-eu","13":"tag-europe","14":"tag-fr","15":"tag-france","16":"tag-lyon","17":"tag-lyon-bassin","18":"tag-news","19":"tag-republique-francaise","20":"tag-rhone","21":"tag-social","22":"tag-societe","23":"tag-vie-associative"},"share_on_mastodon":{"url":"https:\/\/pubeurope.com\/@fr\/115357719443086375","error":""},"_links":{"self":[{"href":"https:\/\/www.europesays.com\/fr\/wp-json\/wp\/v2\/posts\/455959","targetHints":{"allow":["GET"]}}],"collection":[{"href":"https:\/\/www.europesays.com\/fr\/wp-json\/wp\/v2\/posts"}],"about":[{"href":"https:\/\/www.europesays.com\/fr\/wp-json\/wp\/v2\/types\/post"}],"author":[{"embeddable":true,"href":"https:\/\/www.europesays.com\/fr\/wp-json\/wp\/v2\/users\/2"}],"replies":[{"embeddable":true,"href":"https:\/\/www.europesays.com\/fr\/wp-json\/wp\/v2\/comments?post=455959"}],"version-history":[{"count":0,"href":"https:\/\/www.europesays.com\/fr\/wp-json\/wp\/v2\/posts\/455959\/revisions"}],"wp:featuredmedia":[{"embeddable":true,"href":"https:\/\/www.europesays.com\/fr\/wp-json\/wp\/v2\/media\/455960"}],"wp:attachment":[{"href":"https:\/\/www.europesays.com\/fr\/wp-json\/wp\/v2\/media?parent=455959"}],"wp:term":[{"taxonomy":"category","embeddable":true,"href":"https:\/\/www.europesays.com\/fr\/wp-json\/wp\/v2\/categories?post=455959"},{"taxonomy":"post_tag","embeddable":true,"href":"https:\/\/www.europesays.com\/fr\/wp-json\/wp\/v2\/tags?post=455959"}],"curies":[{"name":"wp","href":"https:\/\/api.w.org\/{rel}","templated":true}]}}