{"id":455961,"date":"2025-10-11T21:44:11","date_gmt":"2025-10-11T21:44:11","guid":{"rendered":"https:\/\/www.europesays.com\/fr\/455961\/"},"modified":"2025-10-11T21:44:11","modified_gmt":"2025-10-11T21:44:11","slug":"les-jours-de-gloire-du-cinema-sean-penn-superstar","status":"publish","type":"post","link":"https:\/\/www.europesays.com\/fr\/455961\/","title":{"rendered":"les \u00ab\u00a0jours de gloire\u00a0\u00bb du cin\u00e9ma, Sean Penn superstar"},"content":{"rendered":"<p>Il a eu droit \u00e0 sa musique sp\u00e9ciale et \u00e0 son propre tour de piste. Ce samedi \u00e0 la Halle Tony-Garnier, l\u2019acteur et r\u00e9alisateur am\u00e9ricain Sean Penn a \u00e9t\u00e9 trait\u00e9 comme une star lors de la soir\u00e9e d\u2019ouverture du Festival Lumi\u00e8re.<\/p>\n<p>  Clin d\u2019\u0153il \u00e0\u00a0Bruce Springsteen<\/p>\n<p>Sur le riff de guitare de l\u2019\u00e9pique Glory days de Bruce Springsteen, l\u2019artiste a foul\u00e9 le tapis rouge en dernier avant de d\u00e9ambuler sobrement dans les trav\u00e9es d\u2019une salle remplie de 5\u00a0000 personnes. Le clin d\u2019\u0153il au Boss ne doit rien au hasard\u00a0: le biopic Springsteen\u00a0: Deliver Me from Nowhere sera projet\u00e9 ce dimanche en avant-premi\u00e8re lors du festival (en pr\u00e9sence de son acteur principal Jeremy Allen White et de son r\u00e9alisateur Scott Cooper, qui ont assist\u00e9 ce samedi \u00e0 la c\u00e9r\u00e9monie d\u2019ouverture). Et <a href=\"https:\/\/www.leprogres.fr\/p\/thierry-fremaux\" target=\"_blank\" rel=\"noopener\">Thierry Fr\u00e9maux<\/a>, le directeur de l\u2019Institut Lumi\u00e8re et du festival, est un grand fan du chanteur de Born in the USA devant l\u2019\u00e9ternel.<\/p>\n<p>Avant Sean Penn, pr\u00e9sent \u00e0 Lyon pendant plusieurs jours, un joli cort\u00e8ge de personnalit\u00e9s du cin\u00e9ma avait fait son apparition sur sc\u00e8ne\u00a0: les autres invit\u00e9s d\u2019honneur de cette 17 e \u00e9dition (les actrices Shu Qi et Dominique Blanc), des com\u00e9dien(ne)s (<a href=\"https:\/\/www.leprogres.fr\/p\/kad-merad\" target=\"_blank\" rel=\"noopener\">Kad Merad<\/a>, <a href=\"https:\/\/www.leprogres.fr\/p\/franck-dubosc\" target=\"_blank\" rel=\"noopener\">Franck Dubosc<\/a>, Sabine Az\u00e9ma, Manu Payet, Elsa Zylberstein\u2026), des r\u00e9alisateurs (Costa Gavras, Gustave Kervern, Lisa Azuelos, Christian Carion\u2026), des fid\u00e8les (<a href=\"https:\/\/www.leprogres.fr\/p\/laurent-gerra\" target=\"_blank\" rel=\"noopener\">Laurent Gerra<\/a>).<\/p>\n<p>  Hommage \u00e0 Cardinale et Redford<\/p>\n<p>Tous ont pu se d\u00e9lecter d\u2019un montage projet\u00e9 sur l\u2019immense \u00e9cran de la Halle, synth\u00e9tisant avec maestria 130 ans de cin\u00e9matographe, depuis l\u2019exploit lyonnais inaugural de Louis Lumi\u00e8re jusqu\u2019\u00e0 Avatar. Avec au passage quelques hommages tr\u00e8s applaudis aux grands du septi\u00e8me art disparu cette ann\u00e9e, de <a href=\"https:\/\/www.leprogres.fr\/societe\/2025\/09\/23\/l-actrice-claudia-cardinale-icone-du-cinema-est-morte-a-l-age-de-87-ans\" target=\"_blank\" rel=\"noopener\">Claudia Cardinale<\/a> \u00e0 <a href=\"https:\/\/www.leprogres.fr\/societe\/2025\/09\/16\/l-acteur-americain-robert-redford-legende-d-hollywood-est-mort-a-89-ans\" target=\"_blank\" rel=\"noopener\">Robert Redford<\/a>.<\/p>\n<p>  Magie du cin\u00e9ma<\/p>\n<p>Le mot de la fin est revenu \u00e0 Sean Penn, appel\u00e9 \u00e0 \u00e9voquer le film projet\u00e9 en ouverture\u00a0: Vol au-dessus d\u2019un nid de Coucou (1975) r\u00e9alis\u00e9 par un ancien Prix Lumi\u00e8re, Milos Forman, avec un acteur que Sean Penn conna\u00eet tr\u00e8s bien\u00a0: Jack Nicholson.<\/p>\n<p>\u00ab\u00a0Joachim Trier (ndlr un r\u00e9alisateur invit\u00e9 du festival) m\u2019avait dit \u00e0 quel point c\u2019\u00e9tait \u00e9norme ici mais je ne savais pas que c\u2019\u00e9tait \u00e0 ce point-l\u00e0\u00a0\u00bb, a d\u2019abord t\u00e9moign\u00e9 l\u2019acteur. \u00ab\u00a0J\u2019ai beaucoup entendu mon nom ce soir, heureusement il y a Vol au-dessus d\u2019un nid de coucou qui passe et tout d\u2019un coup je vais retrouver mon humilit\u00e9. L\u2019un des moments les plus magiques de ma vie au cin\u00e9ma, c\u2019est quand j\u2019ai vu ce film pour la premi\u00e8re fois.\u00a0\u00bb<\/p>\n<p>Avec ses 150 films et plus de 400 s\u00e9ances pr\u00e9vues pendant plus d\u2019une semaine et un prix Lumi\u00e8re destin\u00e9 \u00e0 Michael Mann, la 17 e \u00e9dition du festival Lumi\u00e8re est bien partie pour c\u00e9l\u00e9brer dignement les \u00ab\u00a0jours de gloire\u00a0\u00bb du cin\u00e9ma.<\/p>\n<p class=\"note\">Festival Lumi\u00e8re. Jusqu\u2019au 19\u00a0octobre. <a href=\"https:\/\/www.festival-lumiere.org\" target=\"_blank\" rel=\"noopener\">www.festival-lumiere.org<\/a><\/p>\n","protected":false},"excerpt":{"rendered":"Il a eu droit \u00e0 sa musique sp\u00e9ciale et \u00e0 son propre tour de piste. Ce samedi \u00e0&hellip;\n","protected":false},"author":2,"featured_media":455962,"comment_status":"","ping_status":"","sticky":false,"template":"","format":"standard","meta":{"footnotes":""},"categories":[1889],"tags":[1111,11,2430,650,1687,2757,1777,674,34755,107,1011,27,2428,2756,12,25,2429],"class_list":{"0":"post-455961","1":"post","2":"type-post","3":"status-publish","4":"format-standard","5":"has-post-thumbnail","7":"category-lyon","8":"tag-actu","9":"tag-actualites","10":"tag-auvergne-rhone-alpes","11":"tag-cinema","12":"tag-culture-loisirs","13":"tag-edition-lyon-villeurbanne","14":"tag-eu","15":"tag-europe","16":"tag-festival-lumiere","17":"tag-fil-info","18":"tag-fr","19":"tag-france","20":"tag-lyon","21":"tag-lyon-bassin","22":"tag-news","23":"tag-republique-francaise","24":"tag-rhone"},"share_on_mastodon":{"url":"https:\/\/pubeurope.com\/@fr\/115357723080626433","error":""},"_links":{"self":[{"href":"https:\/\/www.europesays.com\/fr\/wp-json\/wp\/v2\/posts\/455961","targetHints":{"allow":["GET"]}}],"collection":[{"href":"https:\/\/www.europesays.com\/fr\/wp-json\/wp\/v2\/posts"}],"about":[{"href":"https:\/\/www.europesays.com\/fr\/wp-json\/wp\/v2\/types\/post"}],"author":[{"embeddable":true,"href":"https:\/\/www.europesays.com\/fr\/wp-json\/wp\/v2\/users\/2"}],"replies":[{"embeddable":true,"href":"https:\/\/www.europesays.com\/fr\/wp-json\/wp\/v2\/comments?post=455961"}],"version-history":[{"count":0,"href":"https:\/\/www.europesays.com\/fr\/wp-json\/wp\/v2\/posts\/455961\/revisions"}],"wp:featuredmedia":[{"embeddable":true,"href":"https:\/\/www.europesays.com\/fr\/wp-json\/wp\/v2\/media\/455962"}],"wp:attachment":[{"href":"https:\/\/www.europesays.com\/fr\/wp-json\/wp\/v2\/media?parent=455961"}],"wp:term":[{"taxonomy":"category","embeddable":true,"href":"https:\/\/www.europesays.com\/fr\/wp-json\/wp\/v2\/categories?post=455961"},{"taxonomy":"post_tag","embeddable":true,"href":"https:\/\/www.europesays.com\/fr\/wp-json\/wp\/v2\/tags?post=455961"}],"curies":[{"name":"wp","href":"https:\/\/api.w.org\/{rel}","templated":true}]}}