{"id":455969,"date":"2025-10-11T21:50:11","date_gmt":"2025-10-11T21:50:11","guid":{"rendered":"https:\/\/www.europesays.com\/fr\/455969\/"},"modified":"2025-10-11T21:50:11","modified_gmt":"2025-10-11T21:50:11","slug":"experiences-et-ateliers-a-tester-en-famille-au-grand-palais-palais-de-la-decouverte","status":"publish","type":"post","link":"https:\/\/www.europesays.com\/fr\/455969\/","title":{"rendered":"exp\u00e9riences et ateliers \u00e0 tester en famille au Grand Palais \u2013 Palais de la D\u00e9couverte"},"content":{"rendered":"<p>F\u00eate de la Science 2025 Paris: exp\u00e9riences et ateliers \u00e0 tester en famille au Grand Palais \u2013 Palais de la D\u00e9couverte<\/p>\n<p>\u00c0 Paris, la <strong>F\u00eate de la <a href=\"https:\/\/www.parisselectbook.com\/2025\/10\/06\/alexis-tricoire-devoile-no-limit-a-la-cite-des-sciences\/\" target=\"_blank\" rel=\"noopener\">Science<\/a><\/strong> revient au <strong>Grand Palais \u2013 Palais de la d\u00e9couverte<\/strong> avec une promesse claire\u00a0: mettre la science \u00e0 port\u00e9e de main. Le lieu propose un programme riche, pens\u00e9 pour les familles, les curieux et les classes, avec un accent sur l\u2019exp\u00e9rience directe.<\/p>\n<p>Un rendez-vous au Grand Palais \u2013 Palais de la d\u00e9couverte<\/p>\n<p>Le <strong><a href=\"https:\/\/www.parisselectbook.com\/2025\/10\/07\/defile-chanel-ss-2026-entre-cosmos-et-haute-couture-au-grand-palais\/\" target=\"_blank\" rel=\"noopener\">Grand Palais<\/a> \u2013 Palais de la d\u00e9couverte<\/strong> ouvre ses espaces pour la <strong>F\u00eate de la Science<\/strong>. Ici, chaque salle se transforme en terrain d\u2019essais, gr\u00e2ce aux <strong>m\u00e9diateurs scientifiques<\/strong> et aux chercheurs invit\u00e9s. Ainsi, les visiteurs manipulent, questionnent et comparent les r\u00e9sultats. Le cadre est convivial, pr\u00e9cis, et surtout s\u00e9curisant pour tous.<\/p>\n<p>Le programme annonc\u00e9 met en avant des <strong>ateliers<\/strong>, des <strong>conf\u00e9rences<\/strong> et des <a href=\"https:\/\/www.parisselectbook.com\/2025\/09\/28\/salons-et-expositions-les-evenements-culturels-a-voir-en-octobre-a-paris\/\" target=\"_blank\" rel=\"noopener\"><strong>expositions<\/strong><\/a> interactives. De plus, des d\u00e9monstrations courtes rythment la journ\u00e9e, afin de garder l\u2019attention des enfants. Les sujets couvrent la physique, la chimie, les math\u00e9matiques et la vie du num\u00e9rique. La <strong>F\u00eate de la Science<\/strong> se vit donc comme une succession d\u2019exp\u00e9riences concr\u00e8tes.<\/p>\n<p>Les \u00e9quipes du Grand Palais partagent des rep\u00e8res clairs sur les niveaux requis, sans jargon inutile. Par cons\u00e9quent, tout le monde progresse au m\u00eame rythme, \u00e0 son \u00e9chelle. Le public peut circuler entre des formats vari\u00e9s, selon ses centres d\u2019int\u00e9r\u00eat. La <a href=\"https:\/\/www.parisselectbook.com\/2025\/10\/09\/chateau-de-fontainebleau-fete-noel-2025-avec-spectacle-et-concert\/\" target=\"_blank\" rel=\"noopener\"><strong>F\u00eate<\/strong><\/a><strong>\u00a0de la Science<\/strong> sert ici de pont entre th\u00e9orie et pratique.<\/p>\n<blockquote>\n<p>\u00ab La science prend sens quand on la touche du doigt. \u00bb<\/p>\n<\/blockquote>\n<p>Ateliers et exp\u00e9riences \u00e0 hauteur d\u2019enfant<\/p>\n<p>Des <strong>ateliers<\/strong> guid\u00e9s permettent de comprendre un ph\u00e9nom\u00e8ne en quelques \u00e9tapes simples. Ainsi, un enfant observe, manipule, puis explique ce qu\u2019il a vu. Les parents suivent, posent des questions, et renforcent l\u2019autonomie. La <strong>F\u00eate de la Science<\/strong> favorise cette dynamique positive, joyeuse et rigoureuse.<\/p>\n<p>Des exp\u00e9riences visuelles et sonores cr\u00e9ent des d\u00e9clics m\u00e9morables. En revanche, les \u00e9quipes veillent \u00e0 la s\u00e9curit\u00e9 et au rythme de chacun. De plus, des temps de questions encouragent la prise de parole. La <strong>F\u00eate de la Science<\/strong> valorise ainsi l\u2019\u00e9coute, la curiosit\u00e9 et le sens critique.<\/p>\n<ul>\n<li>Consultez le <strong>programme<\/strong> sur place pour organiser votre parcours.<\/li>\n<li>Arrivez t\u00f4t, car les <strong>ateliers<\/strong> attirent vite beaucoup de monde.<\/li>\n<li>Pr\u00e9voyez des pauses, afin de garder l\u2019attention des enfants.<\/li>\n<li>Rep\u00e9rez les zones calmes pour un temps de <strong>m\u00e9diation<\/strong> plus personnalis\u00e9.<\/li>\n<li>V\u00e9rifiez les activit\u00e9s sur <strong>inscription<\/strong>, si le format le pr\u00e9cise.<\/li>\n<\/ul>\n<p>Rencontres, conf\u00e9rences et d\u00e9bats<\/p>\n<p>Le Palais programme des <strong>conf\u00e9rences<\/strong> br\u00e8ves, avec des intervenants de terrain. Ainsi, les invit\u00e9s partagent une m\u00e9thode, un exemple, puis une application concr\u00e8te. Les formats alternent entre mini-cours et \u00e9changes publics. La <strong>F\u00eate de la Science<\/strong> devient alors un moment de dialogue.<\/p>\n<p>Plusieurs th\u00e8mes f\u00e9d\u00e8rent l\u2019attention du public, comme l\u2019\u00e9nergie, la sant\u00e9 ou l\u2019espace. Cependant, les sujets sont trait\u00e9s sans sensationnalisme, avec des faits v\u00e9rifiables. Les m\u00e9diateurs recadrent, expliquent les limites, puis proposent des pistes. Cette d\u00e9marche favorise un esprit critique durable.<\/p>\n<p>Des temps de rencontre encouragent les vocations, notamment chez les plus jeunes. De plus, des parcours courts facilitent la compr\u00e9hension progressive de notions complexes. On passe d\u2019un stand \u00e0 l\u2019autre, pour varier les angles d\u2019analyse. La <strong>F\u00eate de la Science<\/strong> montre ainsi la diversit\u00e9 des m\u00e9tiers scientifiques.<\/p>\n<p>Parcours th\u00e9matiques et expositions<\/p>\n<p>Des <strong>expositions<\/strong> th\u00e9matiques structurent la visite en grands chapitres. On y trouve des dispositifs simples, mais ing\u00e9nieux. Ensuite, des m\u00e9diations expliquent pourquoi une exp\u00e9rience fonctionne. La <strong>F\u00eate de la Science<\/strong> gagne en clart\u00e9 gr\u00e2ce \u00e0 cette progression guid\u00e9e.<\/p>\n<p>Certains parcours invitent \u00e0 comparer deux m\u00e9thodes pour un m\u00eame r\u00e9sultat. Ainsi, l\u2019observation devient une enqu\u00eate efficace. Les visiteurs notent, testent, puis reformulent ce qu\u2019ils ont compris. Ce va-et-vient d\u00e9veloppe la confiance et l\u2019envie d\u2019apprendre.<\/p>\n<p>Conseils pratiques pour profiter de l\u2019\u00e9v\u00e9nement<\/p>\n<p>Le <strong>Grand Palais \u2013 Palais de la d\u00e9couverte<\/strong> propose un balisage clair, utile pour les familles. Avant de venir, pr\u00e9parez une liste de priorit\u00e9s simples. Ensuite, adaptez le temps de visite au plus jeune du groupe. La <strong>F\u00eate de la Science<\/strong> se vit mieux avec un rythme souple.<\/p>\n<p>Les informations pratiques peuvent \u00e9voluer selon les \u00e9ditions. Par cons\u00e9quent, v\u00e9rifiez sur place les horaires, les acc\u00e8s et l\u2019orientation. Les \u00e9quipes pr\u00e9cisent les conditions de participation et la dur\u00e9e moyenne. La <strong>F\u00eate de la Science<\/strong> reste pens\u00e9e pour un public vari\u00e9.<\/p>\n<p>L\u2019accessibilit\u00e9 fait l\u2019objet d\u2019une attention sp\u00e9cifique, avec des am\u00e9nagements d\u00e9di\u00e9s. De plus, les m\u00e9diateurs proposent des explications adapt\u00e9es aux besoins. Un mot d\u2019ordre r\u00e9sume l\u2019esprit du week-end\u00a0: patience et curiosit\u00e9. La <strong>F\u00eate de la Science<\/strong> au Palais laisse des traces durables, utiles \u00e0 tous.<\/p>\n","protected":false},"excerpt":{"rendered":"F\u00eate de la Science 2025 Paris: exp\u00e9riences et ateliers \u00e0 tester en famille au Grand Palais \u2013 Palais&hellip;\n","protected":false},"author":2,"featured_media":455970,"comment_status":"","ping_status":"","sticky":false,"template":"","format":"standard","meta":{"footnotes":""},"categories":[1888],"tags":[11,1777,674,43884,1011,27,12,626,25],"class_list":{"0":"post-455969","1":"post","2":"type-post","3":"status-publish","4":"format-standard","5":"has-post-thumbnail","7":"category-paris","8":"tag-actualites","9":"tag-eu","10":"tag-europe","11":"tag-fete-de-la-science","12":"tag-fr","13":"tag-france","14":"tag-news","15":"tag-paris","16":"tag-republique-francaise"},"share_on_mastodon":{"url":"https:\/\/pubeurope.com\/@fr\/115357746686500271","error":""},"_links":{"self":[{"href":"https:\/\/www.europesays.com\/fr\/wp-json\/wp\/v2\/posts\/455969","targetHints":{"allow":["GET"]}}],"collection":[{"href":"https:\/\/www.europesays.com\/fr\/wp-json\/wp\/v2\/posts"}],"about":[{"href":"https:\/\/www.europesays.com\/fr\/wp-json\/wp\/v2\/types\/post"}],"author":[{"embeddable":true,"href":"https:\/\/www.europesays.com\/fr\/wp-json\/wp\/v2\/users\/2"}],"replies":[{"embeddable":true,"href":"https:\/\/www.europesays.com\/fr\/wp-json\/wp\/v2\/comments?post=455969"}],"version-history":[{"count":0,"href":"https:\/\/www.europesays.com\/fr\/wp-json\/wp\/v2\/posts\/455969\/revisions"}],"wp:featuredmedia":[{"embeddable":true,"href":"https:\/\/www.europesays.com\/fr\/wp-json\/wp\/v2\/media\/455970"}],"wp:attachment":[{"href":"https:\/\/www.europesays.com\/fr\/wp-json\/wp\/v2\/media?parent=455969"}],"wp:term":[{"taxonomy":"category","embeddable":true,"href":"https:\/\/www.europesays.com\/fr\/wp-json\/wp\/v2\/categories?post=455969"},{"taxonomy":"post_tag","embeddable":true,"href":"https:\/\/www.europesays.com\/fr\/wp-json\/wp\/v2\/tags?post=455969"}],"curies":[{"name":"wp","href":"https:\/\/api.w.org\/{rel}","templated":true}]}}