{"id":455971,"date":"2025-10-11T21:51:18","date_gmt":"2025-10-11T21:51:18","guid":{"rendered":"https:\/\/www.europesays.com\/fr\/455971\/"},"modified":"2025-10-11T21:51:18","modified_gmt":"2025-10-11T21:51:18","slug":"laccor-arena-de-paris-remplie-pour-les-30-ans-de-matmatah","status":"publish","type":"post","link":"https:\/\/www.europesays.com\/fr\/455971\/","title":{"rendered":"L\u2019Accor Arena de Paris remplie pour les 30 ans de Matmatah"},"content":{"rendered":"<p>Un groupe breton qui remplit Bercy, ce n\u2019est pas banal. Matmatah, pour ses 30 ans, a donn\u00e9, samedi soir, un concert unique \u00e0 l\u2019Accor Arena de Paris (ancien Bercy), pour f\u00eater le 30e anniversaire du groupe. Beaucoup de Bretons \u00e9taient aussi dans la salle, venus de Bretagne et d\u2019ailleurs. D\u00e8s 20\u00a0h, sous l\u2019impulsion de l\u2019humoriste Guillaume Meurice, un des acteurs de la premi\u00e8re partie, la salle chantait d\u00e9j\u00e0 Lamb\u00e9 an Dro, avant l\u2019arriv\u00e9e sur sc\u00e8ne du groupe brestois, pour un concert m\u00e9morable de plus de 2\u00a0h\u00a030.<\/p>\n","protected":false},"excerpt":{"rendered":"Un groupe breton qui remplit Bercy, ce n\u2019est pas banal. Matmatah, pour ses 30 ans, a donn\u00e9, samedi&hellip;\n","protected":false},"author":2,"featured_media":455972,"comment_status":"","ping_status":"","sticky":false,"template":"","format":"standard","meta":{"footnotes":""},"categories":[1888],"tags":[11,3450,829,765,1777,674,1011,27,12,626,25],"class_list":{"0":"post-455971","1":"post","2":"type-post","3":"status-publish","4":"format-standard","5":"has-post-thumbnail","7":"category-paris","8":"tag-actualites","9":"tag-brest","10":"tag-bretagne","11":"tag-en-continu","12":"tag-eu","13":"tag-europe","14":"tag-fr","15":"tag-france","16":"tag-news","17":"tag-paris","18":"tag-republique-francaise"},"share_on_mastodon":{"url":"https:\/\/pubeurope.com\/@fr\/115357750766100611","error":""},"_links":{"self":[{"href":"https:\/\/www.europesays.com\/fr\/wp-json\/wp\/v2\/posts\/455971","targetHints":{"allow":["GET"]}}],"collection":[{"href":"https:\/\/www.europesays.com\/fr\/wp-json\/wp\/v2\/posts"}],"about":[{"href":"https:\/\/www.europesays.com\/fr\/wp-json\/wp\/v2\/types\/post"}],"author":[{"embeddable":true,"href":"https:\/\/www.europesays.com\/fr\/wp-json\/wp\/v2\/users\/2"}],"replies":[{"embeddable":true,"href":"https:\/\/www.europesays.com\/fr\/wp-json\/wp\/v2\/comments?post=455971"}],"version-history":[{"count":0,"href":"https:\/\/www.europesays.com\/fr\/wp-json\/wp\/v2\/posts\/455971\/revisions"}],"wp:featuredmedia":[{"embeddable":true,"href":"https:\/\/www.europesays.com\/fr\/wp-json\/wp\/v2\/media\/455972"}],"wp:attachment":[{"href":"https:\/\/www.europesays.com\/fr\/wp-json\/wp\/v2\/media?parent=455971"}],"wp:term":[{"taxonomy":"category","embeddable":true,"href":"https:\/\/www.europesays.com\/fr\/wp-json\/wp\/v2\/categories?post=455971"},{"taxonomy":"post_tag","embeddable":true,"href":"https:\/\/www.europesays.com\/fr\/wp-json\/wp\/v2\/tags?post=455971"}],"curies":[{"name":"wp","href":"https:\/\/api.w.org\/{rel}","templated":true}]}}