{"id":455977,"date":"2025-10-11T21:54:11","date_gmt":"2025-10-11T21:54:11","guid":{"rendered":"https:\/\/www.europesays.com\/fr\/455977\/"},"modified":"2025-10-11T21:54:11","modified_gmt":"2025-10-11T21:54:11","slug":"trump-prepare-son-armee-a-la-guerre-contre-lennemi-interieur","status":"publish","type":"post","link":"https:\/\/www.europesays.com\/fr\/455977\/","title":{"rendered":"Trump pr\u00e9pare son arm\u00e9e \u00e0 la guerre contre \u00ab\u00a0l&rsquo;ennemi int\u00e9rieur\u00a0\u00bb"},"content":{"rendered":"<p><img loading=\"lazy\" decoding=\"async\" width=\"1000\" height=\"1000\" data-attachment-id=\"96696\" data-permalink=\"https:\/\/contre-attaque.net\/2025\/10\/11\/trump-prepare-son-armee-a-la-guerre-contre-lennemi-interieur\/559185190_1230208405816313_4798129652058040158_n\/\" data-orig-file=\"https:\/\/www.europesays.com\/fr\/wp-content\/uploads\/2025\/10\/559185190_1230208405816313_4798129652058040158_n.jpg\" data-orig-size=\"1000,1000\" data-comments-opened=\"0\" data-image-meta=\"{&quot;aperture&quot;:&quot;0&quot;,&quot;credit&quot;:&quot;&quot;,&quot;camera&quot;:&quot;&quot;,&quot;caption&quot;:&quot;&quot;,&quot;created_timestamp&quot;:&quot;0&quot;,&quot;copyright&quot;:&quot;&quot;,&quot;focal_length&quot;:&quot;0&quot;,&quot;iso&quot;:&quot;0&quot;,&quot;shutter_speed&quot;:&quot;0&quot;,&quot;title&quot;:&quot;&quot;,&quot;orientation&quot;:&quot;0&quot;}\" data-image-title=\"559185190_1230208405816313_4798129652058040158_n\" data-image-description=\"\" data-image-caption=\"\" data-medium-file=\"https:\/\/contre-attaque.net\/wp-content\/uploads\/2025\/10\/559185190_1230208405816313_4798129652058040158_n-300x300.jpg\" data-large-file=\"https:\/\/www.europesays.com\/fr\/wp-content\/uploads\/2025\/10\/559185190_1230208405816313_4798129652058040158_n.jpg\" src=\"https:\/\/www.europesays.com\/fr\/wp-content\/uploads\/2025\/10\/559185190_1230208405816313_4798129652058040158_n.jpg\" alt=\"\u00c0 Quantico, Donald Trump fait un discours devant une foule de grad\u00e9s pour se pr\u00e9parer \u00e0 la guerre civile qu'il entend mener.\" class=\"wp-image-96696\"  \/><\/p>\n<p>Des treillis et des armes lourdes dans les rues des grandes villes : m\u00eame dans un pays aussi militaris\u00e9 que les USA, les images qui circulent ces derniers temps sont effrayantes. Donald Trump a d\u00e9ploy\u00e9 la Garde Nationale dans plusieurs m\u00e9tropoles des USA : Los Angeles, Washington et bient\u00f4t Chicago et Portland. Officiellement, il s\u2019agit de \u00ablutter contre l\u2019ins\u00e9curit\u00e9\u00bb, en r\u00e9alit\u00e9 il habitue la population \u00e0 ce que le maintien de l\u2019ordre soit g\u00e9r\u00e9 par des militaires. En parall\u00e8le, les milices de l\u2019ICE \u2013 les brigades de lutte anti-immigration de la police \u2013 b\u00e9n\u00e9ficient de budgets illimit\u00e9s et patrouillent cagoul\u00e9es dans les rues, semant la terreur au sein des minorit\u00e9s immigr\u00e9es.<\/p>\n<p>Mais cette ambiance cr\u00e9pusculaire s\u2019est encore assombrie le 30 septembre. Trump a organis\u00e9 un \u00e9v\u00e9nement spectaculaire qui aurait d\u00fb inqui\u00e9ter le monde entier, et qui est pass\u00e9 relativement inaper\u00e7u en France. \u00c0 Quantico, en Virginie, ce 30 septembre, le pr\u00e9sident des USA a r\u00e9uni 800 hauts grad\u00e9s de son arm\u00e9e pour les recadrer, et a prononc\u00e9 un discours hallucinant.<\/p>\n<p>Le pr\u00e9sident y a promis de d\u00e9fendre les USA contre \u00abune invasion\u00bb men\u00e9e par un \u00abennemi int\u00e9rieur\u00bb, c\u2019est-\u00e0-dire les immigr\u00e9\u00b7es, la presse et les opposant\u00b7es. Selon lui, le pays serait donc d\u00e9j\u00e0 en guerre civile, une guerre qu\u2019il faudrait mener sur son sol contre les forces progressistes, <a href=\"https:\/\/contre-attaque.net\/2025\/09\/25\/la-dictature-en-marche-aux-etats-unis\/\" target=\"_blank\" rel=\"noopener\">et notamment les \u00abantifas\u00bb qui viennent d\u2019\u00eatre officiellement class\u00e9s comme des groupes terroristes<\/a>. Il a aussi menac\u00e9 les militaires : s\u2019ils ne soutiennent pas son gouvernement, ils doivent se taire ou partir : \u00abSi vous n\u2019aimez pas ce que je dis, vous pouvez quitter la pi\u00e8ce. \u00c9videmment, vous pourrez dire adieu \u00e0 votre rang, vous pourrez dire adieu \u00e0 votre avenir, mais sentez-vous bien et d\u00e9tendus, d\u2019accord ?\u00bb Le dirigeant a aussi propos\u00e9 d\u2019utiliser les villes \u00abdangereuses\u00bb comme des \u00abterrains d\u2019entra\u00eenement\u00bb pour l\u2019arm\u00e9e, illustrant ainsi sans le savoir que la r\u00e9pression et la guerre font partie d\u2019un m\u00eame r\u00e9pertoire de violence \u00e9tatique.<\/p>\n<p>Le ministre de la D\u00e9fense, <a href=\"https:\/\/contre-attaque.net\/2025\/09\/07\/trump-renomme-le-ministere-de-la-defense-en-ministere-de-la-guerre\/\" target=\"_blank\" rel=\"noopener\">d\u00e9sormais \u00abministre de la Guerre\u00bb<\/a>, a poursuivi sur un ton tout aussi violent. Pete Hegseth est un v\u00e9t\u00e9ran de la Garde nationale du Minnesota, un animateur de la cha\u00eene d\u2019extr\u00eame droite Fox News et il porte des tatouages chr\u00e9tiens inspir\u00e9s de symboles des croisades. Il adh\u00e8re \u00e0 une mouvance religieuse sectaire qui pr\u00f4ne l\u2019application de la loi chr\u00e9tienne biblique \u00e0 la soci\u00e9t\u00e9 et une pr\u00e9paration au retour de J\u00e9sus. Il avait d\u00e9clar\u00e9 \u00e0 propos de l\u2019arm\u00e9e des USA : \u00abNous ne sommes pas seulement une force d\u00e9fensive, nous sommes une force offensive\u00bb et \u00abnous voulons des guerriers, des gens qui savent comment tuer l\u2019ennemi\u00bb.<\/p>\n<p>Le 30 septembre, il a appel\u00e9 \u00e0 d\u00e9truire les \u00abd\u00e9chets id\u00e9ologiques\u00bb au sein de l\u2019arm\u00e9e, laiss\u00e9s selon lui par l\u2019administration Biden, en particulier la lutte contre le r\u00e9chauffement climatique, le harc\u00e8lement ou encore la promotion fond\u00e9e sur la race ou le genre. Il s\u2019en est aussi pris aux soldats et aux \u00abg\u00e9n\u00e9raux ob\u00e8ses\u00bb, et a annonc\u00e9 de nouvelles normes corporelles plus strictes.<\/p>\n<p>De leur c\u00f4t\u00e9, l\u2019ancien conseiller de Trump Steve Bannon a d\u00e9clar\u00e9 \u00abNous sommes en guerre dans ce pays\u00bb, et Stephen Miller, l\u2019un des plus proches conseiller du pr\u00e9sident, appelle \u00e0 \u00abune strat\u00e9gie organis\u00e9e pour \u00e9radiquer la gauche radicale\u00bb.<\/p>\n<p>Enfin, la procureure g\u00e9n\u00e9rale Pam Bondi sugg\u00e8re que le minist\u00e8re de la Justice puisse \u00e9liminer les citoyens am\u00e9ricains consid\u00e9r\u00e9s comme antifascistes : \u00abTout comme nous l\u2019avons fait avec les cartels, nous allons adopter la m\u00eame approche avec Antifa\u00bb. Elle appelle aussi \u00e0 \u00abd\u00e9truire l\u2019organisation enti\u00e8re du sommet \u00e0 la base\u00bb. Quant \u00e0 Trump, <a href=\"https:\/\/contre-attaque.net\/2025\/06\/16\/no-king-des-millions-de-manifestants-pendant-que-trump-organise-un-defile-militaire-rate\/\" target=\"_blank\" rel=\"noopener\">il parle des manifestations \u00abNo Kings\u00bb<\/a> qui mobilisent des milliers de personnes contre lui, comme \u00e9tant des \u00abop\u00e9rations r\u00e9mun\u00e9r\u00e9es\u00bb dirig\u00e9es par un \u00abr\u00e9seau terroriste de gauche\u00bb.<\/p>\n<p>Criminalisation de l\u2019antifascisme, parano\u00efa d\u2019\u00c9tat, uniformes et armes dans les rues pour traquer les \u00e9tranger\u00b7es et les opposant\u00b7es politiques, purge id\u00e9ologique et culte de la personnalit\u00e9 : ce ne sont pas les ann\u00e9es 1930, mais l\u2019ann\u00e9e 2025 dans la premi\u00e8re puissance mondiale.<\/p>\n","protected":false},"excerpt":{"rendered":"Des treillis et des armes lourdes dans les rues des grandes villes : m\u00eame dans un pays aussi&hellip;\n","protected":false},"author":2,"featured_media":455978,"comment_status":"","ping_status":"","sticky":false,"template":"","format":"standard","meta":{"footnotes":""},"categories":[1589],"tags":[11,13797,41125,20409,73,1866,12,467,1864,1865,1863,308],"class_list":{"0":"post-455977","1":"post","2":"type-post","3":"status-publish","4":"format-standard","5":"has-post-thumbnail","7":"category-etats-unis","8":"tag-actualites","9":"tag-antifascisme","10":"tag-dictature","11":"tag-etat-durgence","12":"tag-etats-unis","13":"tag-etats-unis-damerique","14":"tag-news","15":"tag-trump","16":"tag-united-states","17":"tag-united-states-of-america","18":"tag-us","19":"tag-usa"},"share_on_mastodon":{"url":"https:\/\/pubeurope.com\/@fr\/115357762999451126","error":""},"_links":{"self":[{"href":"https:\/\/www.europesays.com\/fr\/wp-json\/wp\/v2\/posts\/455977","targetHints":{"allow":["GET"]}}],"collection":[{"href":"https:\/\/www.europesays.com\/fr\/wp-json\/wp\/v2\/posts"}],"about":[{"href":"https:\/\/www.europesays.com\/fr\/wp-json\/wp\/v2\/types\/post"}],"author":[{"embeddable":true,"href":"https:\/\/www.europesays.com\/fr\/wp-json\/wp\/v2\/users\/2"}],"replies":[{"embeddable":true,"href":"https:\/\/www.europesays.com\/fr\/wp-json\/wp\/v2\/comments?post=455977"}],"version-history":[{"count":0,"href":"https:\/\/www.europesays.com\/fr\/wp-json\/wp\/v2\/posts\/455977\/revisions"}],"wp:featuredmedia":[{"embeddable":true,"href":"https:\/\/www.europesays.com\/fr\/wp-json\/wp\/v2\/media\/455978"}],"wp:attachment":[{"href":"https:\/\/www.europesays.com\/fr\/wp-json\/wp\/v2\/media?parent=455977"}],"wp:term":[{"taxonomy":"category","embeddable":true,"href":"https:\/\/www.europesays.com\/fr\/wp-json\/wp\/v2\/categories?post=455977"},{"taxonomy":"post_tag","embeddable":true,"href":"https:\/\/www.europesays.com\/fr\/wp-json\/wp\/v2\/tags?post=455977"}],"curies":[{"name":"wp","href":"https:\/\/api.w.org\/{rel}","templated":true}]}}