{"id":455983,"date":"2025-10-11T21:57:17","date_gmt":"2025-10-11T21:57:17","guid":{"rendered":"https:\/\/www.europesays.com\/fr\/455983\/"},"modified":"2025-10-11T21:57:17","modified_gmt":"2025-10-11T21:57:17","slug":"oise-quest-ce-que-le-canal-seine-nord-europe-ce-projet-conteste-par-plus-de-1-000-manifestants-ce-samedi","status":"publish","type":"post","link":"https:\/\/www.europesays.com\/fr\/455983\/","title":{"rendered":"Oise. Qu&rsquo;est-ce que le canal Seine-Nord Europe, ce projet contest\u00e9 par plus de 1 000 manifestants ce samedi ?"},"content":{"rendered":"<p>Ils n&rsquo;avaient jamais \u00e9t\u00e9 aussi nombreux. Plus d&rsquo;un millier de personnes ont manifest\u00e9 samedi dans l&rsquo;Oise \u00e0 l&rsquo;appel de collectifs \u00e9cologistes pour appeler \u00e0 \u00ab stopper le chantier \u00bb du canal Seine-Nord Europe, qui doit relier le bassin de la Seine aux grands ports du nord de l&rsquo;Europe d&rsquo;ici une dizaine d&rsquo;ann\u00e9es.<\/p>\n<p>La manifestation, premi\u00e8re mobilisation d&rsquo;une telle ampleur contre ce canal, s&rsquo;est tenue \u00e0 l&rsquo;initiative de plusieurs collectifs dont Les Soul\u00e8vements de la Seine (une ramification des Soul\u00e8vements de la Terre), Extinction Rebellion et Mega Canal Non Merci. Elle a rassembl\u00e9 \u00ab plus de 2 000 personnes \u00bb selon les manifestants et \u00ab un millier \u00bb selon la pr\u00e9fecture.<\/p>\n<p>Deux interpellations samedi<\/p>\n<p>Un important dispositif de forces de l&rsquo;ordre a encadr\u00e9 la marche, qui s&rsquo;est d\u00e9roul\u00e9e dans le calme et en musique, avec fanfare et libellules g\u00e9antes. Deux personnes ont \u00e9t\u00e9 interpell\u00e9es et plac\u00e9es en garde \u00e0 vue \u00e0 l&rsquo;issue du rassemblement, l&rsquo;une pour port d&rsquo;arme prohib\u00e9 et l&rsquo;autre pour d\u00e9gradation de la voie publique, a indiqu\u00e9 la pr\u00e9fecture.<\/p>\n<p>Une trentaine de militants a saut\u00e9 \u00e0 l&rsquo;eau pour traverser symboliquement le canal lat\u00e9ral \u00e0 l&rsquo;Oise et mettre le pied au bord du chantier de la future \u00e9cluse de Montmacq pour y afficher bri\u00e8vement une banderole d\u00e9non\u00e7ant le co\u00fbt du projet.<\/p>\n<p>C&rsquo;est quoi le canal Seine-Nord Europe\u00a0?<\/p>\n<p>Le canal Seine-Nord Europe, dont les travaux d&rsquo;infrastructure ont commenc\u00e9 en 2022, est un projet gigantesque visant \u00e0 doper le transport fluvial de marchandises entre le bassin parisien et les grands ports de la mer du Nord \u00e0 partir des ann\u00e9es 2030.<\/p>\n<p>Ses promoteurs vantent une \u00ab solution \u00e9cologique \u00bb qui r\u00e9duirait consid\u00e9rablement le recours au transport routier, tandis que ses opposants le consid\u00e8rent comme un projet ruineux, inutile et \u00ab destructeur \u00bb de zones naturelles et agricoles.<\/p>\n<p>107 kilom\u00e8tres de long, 54 m\u00e8tres de large<\/p>\n<p>Le canal pr\u00e9vu entre Compi\u00e8gne (Oise) et Aubencheul-au-Bac (Nord) doit faire 107 km de long pour 54 m\u00e8tres de large : de quoi faire circuler des p\u00e9niches \u00e0 grand gabarit mesurant jusqu&rsquo;\u00e0 185 m\u00e8tres de long, capables de transporter jusqu&rsquo;\u00e0 4 400 tonnes de marchandises chacune, soit l&rsquo;\u00e9quivalent de 220 camions.<\/p>\n<p>Cela permettrait de cr\u00e9er une v\u00e9ritable autoroute fluviale entre la Seine et l&rsquo;Escaut, qui m\u00e8ne au grand port de marchandises d&rsquo;Anvers en Belgique, lui-m\u00eame reli\u00e9 \u00e0 celui de Rotterdam aux Pays-Bas.<\/p>\n<p>Pourquoi les opposants se mobilisent-ils\u00a0?<\/p>\n<p>\u00ab On cherche \u00e0 montrer l&rsquo;absurdit\u00e9 du projet \u00bb, qui n&rsquo;est \u00ab pas viable \u00e9conomiquement \u00bb, a estim\u00e9 un militant des Soul\u00e8vements de la Terre, Valentin. Il plaide pour \u00ab r\u00e9investir dans le Canal du Nord et investir dans le fr\u00eat ferroviaire \u00bb au lieu de construire un nouveau canal qui pourrait co\u00fbter jusque 10 milliards d&rsquo;euros selon eux.<\/p>\n<p>Pour l&rsquo;\u00e9lue \u00e9cologiste Sandrine Rousseau, pr\u00e9sente \u00e0 la manifestation, \u00ab ce n&rsquo;est pas un projet \u00e9cologique quand on fait tout pour b\u00e9tonner \u00bb. Elle a appel\u00e9 \u00e0 des politiques publiques encourageant une consommation raisonn\u00e9e et locale, et non des projets qui profitent \u00e0 des importations venues \u00ab de l&rsquo;autre bout du monde \u00bb.<\/p>\n<p>Agn\u00e8s Ducharne, hydrologue chercheuse au CNRS, a manifest\u00e9 car le canal, dont le chantier a d\u00e9but\u00e9 en 2022, est selon elle \u00ab un projet nuisible \u00bb, \u00ab du si\u00e8cle pass\u00e9 \u00bb.<\/p>\n<p>Son co\u00fbt pr\u00e9visionnel a \u00e9t\u00e9 estim\u00e9 en 2019 \u00e0 5 milliards d&rsquo;euros, financ\u00e9s par l&rsquo;\u00c9tat, des collectivit\u00e9s locales et des fonds europ\u00e9ens, un budget qui devrait \u00eatre r\u00e9vis\u00e9 en nette hausse.<\/p>\n<p>Les opposants d\u00e9noncent aussi un \u00ab d\u00e9sastre environnemental \u00bb, li\u00e9 \u00e0 l&rsquo;artificialisation de \u00ab 3 200 hectares de terres agricoles \u00bb, \u00ab 300 esp\u00e8ces prot\u00e9g\u00e9es \u00bb menac\u00e9es, ou encore une importante retenue d&rsquo;eau, le tout compens\u00e9 par des mesures jug\u00e9es \u00ab illusoires \u00bb.<\/p>\n","protected":false},"excerpt":{"rendered":"Ils n&rsquo;avaient jamais \u00e9t\u00e9 aussi nombreux. Plus d&rsquo;un millier de personnes ont manifest\u00e9 samedi dans l&rsquo;Oise \u00e0 l&rsquo;appel&hellip;\n","protected":false},"author":2,"featured_media":455984,"comment_status":"","ping_status":"","sticky":false,"template":"","format":"standard","meta":{"footnotes":""},"categories":[1586],"tags":[11,436,1777,674,107,1011,27,329,12,25,2803,800],"class_list":{"0":"post-455983","1":"post","2":"type-post","3":"status-publish","4":"format-standard","5":"has-post-thumbnail","7":"category-europe","8":"tag-actualites","9":"tag-environnement","10":"tag-eu","11":"tag-europe","12":"tag-fil-info","13":"tag-fr","14":"tag-france","15":"tag-france-monde","16":"tag-news","17":"tag-republique-francaise","18":"tag-transport","19":"tag-transports"},"share_on_mastodon":{"url":"https:\/\/pubeurope.com\/@fr\/115357774259416927","error":""},"_links":{"self":[{"href":"https:\/\/www.europesays.com\/fr\/wp-json\/wp\/v2\/posts\/455983","targetHints":{"allow":["GET"]}}],"collection":[{"href":"https:\/\/www.europesays.com\/fr\/wp-json\/wp\/v2\/posts"}],"about":[{"href":"https:\/\/www.europesays.com\/fr\/wp-json\/wp\/v2\/types\/post"}],"author":[{"embeddable":true,"href":"https:\/\/www.europesays.com\/fr\/wp-json\/wp\/v2\/users\/2"}],"replies":[{"embeddable":true,"href":"https:\/\/www.europesays.com\/fr\/wp-json\/wp\/v2\/comments?post=455983"}],"version-history":[{"count":0,"href":"https:\/\/www.europesays.com\/fr\/wp-json\/wp\/v2\/posts\/455983\/revisions"}],"wp:featuredmedia":[{"embeddable":true,"href":"https:\/\/www.europesays.com\/fr\/wp-json\/wp\/v2\/media\/455984"}],"wp:attachment":[{"href":"https:\/\/www.europesays.com\/fr\/wp-json\/wp\/v2\/media?parent=455983"}],"wp:term":[{"taxonomy":"category","embeddable":true,"href":"https:\/\/www.europesays.com\/fr\/wp-json\/wp\/v2\/categories?post=455983"},{"taxonomy":"post_tag","embeddable":true,"href":"https:\/\/www.europesays.com\/fr\/wp-json\/wp\/v2\/tags?post=455983"}],"curies":[{"name":"wp","href":"https:\/\/api.w.org\/{rel}","templated":true}]}}