{"id":455989,"date":"2025-10-11T22:00:12","date_gmt":"2025-10-11T22:00:12","guid":{"rendered":"https:\/\/www.europesays.com\/fr\/455989\/"},"modified":"2025-10-11T22:00:12","modified_gmt":"2025-10-11T22:00:12","slug":"en-moselle-une-fillette-retrouvee-morte-la-piste-du-suicide-evoquee","status":"publish","type":"post","link":"https:\/\/www.europesays.com\/fr\/455989\/","title":{"rendered":"En Moselle, une fillette retrouv\u00e9e morte, la piste du suicide \u00e9voqu\u00e9e"},"content":{"rendered":"<p>\n    \u00abL\u2019enqu\u00eate est en cours\u00bb, a indiqu\u00e9 le parquet \u00e0 l\u2019AFP, mais il semble qu\u2019il s\u2019agisse d\u2019\u00abun acte volontaire de la part de la fillette\u00bb, qui aurait eu prochainement 10 ans.<\/p>\n<p class=\"fig-paragraph\">Une fillette a \u00e9t\u00e9 retrouv\u00e9e morte samedi \u00e0 son domicile familial de Sarreguemines (<a href=\"http:\/\/www.lefigaro.fr\/flash-actu\/moselle-une-septuagenaire-tuee-par-balle-par-son-mari-20250930\" target=\"_blank\" data-fig-type=\"NewsFlash\" rel=\"noopener\" data-gtm-custom-categorie=\"navigation\" data-gtm-custom-action=\"crossclick\" data-gtm-custom-label=\"Contextuel\" data-gtm-event=\"customEventSPE\" data-fig-domain=\"LEFIGARO\">Moselle<\/a>), a indiqu\u00e9 le parquet de la ville, confirmant une information du journal R\u00e9publicain Lorrain. La piste privil\u00e9gi\u00e9e est celle du suicide.<\/p>\n<p class=\"fig-paragraph\">\u00abL&rsquo;enqu\u00eate est en cours\u00bb, a indiqu\u00e9 le parquet \u00e0 l&rsquo;AFP, mais il semble qu&rsquo;il s&rsquo;agisse d&rsquo;\u00abun acte volontaire de la part de la fillette\u00bb, qui aurait eu prochainement 10 ans. Il n&rsquo;a pas souhait\u00e9 en dire plus, ni sur les circonstances du d\u00e9c\u00e8s, ni sur les motivations possibles de l&rsquo;enfant.<\/p>\n<p>                                    <a class=\"fig-a11y-skip a11y-hidden\" href=\"#fig-a11y-skip-main-inarticle\"><br \/>\n        Passer la publicit\u00e9<br \/>\n    <\/a><\/p>\n<p class=\"fig-paragraph\">Selon le journal R\u00e9publicain Lorrain, rien ne permet \u00e0 ce stade de l&rsquo;enqu\u00eate d&rsquo;affirmer qu&rsquo;elle aurait \u00e9t\u00e9 victime de\u00a0<a href=\"http:\/\/www.lefigaro.fr\/vox\/societe\/le-harcelement-scolaire-une-autre-facette-de-la-decivilisation-20240214\" data-fig-type=\"Article\" data-gtm-custom-categorie=\"navigation\" data-gtm-custom-action=\"crossclick\" data-gtm-custom-label=\"Contextuel\" data-gtm-event=\"customEventSPE\" data-fig-domain=\"LEFIGARO\" target=\"_blank\" rel=\"noopener\">harc\u00e8lement<\/a>. Le parquet n&rsquo;a pas voulu s&rsquo;avancer sur ce point, indiquant vouloir attendre les r\u00e9sultats de l&rsquo;examen m\u00e9dico-l\u00e9gal, \u00abqui aura lieu dans les prochains jours\u00bb.<\/p>\n","protected":false},"excerpt":{"rendered":"\u00abL\u2019enqu\u00eate est en cours\u00bb, a indiqu\u00e9 le parquet \u00e0 l\u2019AFP, mais il semble qu\u2019il s\u2019agisse d\u2019\u00abun acte volontaire&hellip;\n","protected":false},"author":2,"featured_media":455990,"comment_status":"","ping_status":"","sticky":false,"template":"","format":"standard","meta":{"footnotes":""},"categories":[2],"tags":[11,1011,27,5599,12,25,5748],"class_list":{"0":"post-455989","1":"post","2":"type-post","3":"status-publish","4":"format-standard","5":"has-post-thumbnail","7":"category-actualites","8":"tag-actualites","9":"tag-fr","10":"tag-france","11":"tag-moselle","12":"tag-news","13":"tag-republique-francaise","14":"tag-suicide"},"share_on_mastodon":{"url":"https:\/\/pubeurope.com\/@fr\/115357786067379262","error":""},"_links":{"self":[{"href":"https:\/\/www.europesays.com\/fr\/wp-json\/wp\/v2\/posts\/455989","targetHints":{"allow":["GET"]}}],"collection":[{"href":"https:\/\/www.europesays.com\/fr\/wp-json\/wp\/v2\/posts"}],"about":[{"href":"https:\/\/www.europesays.com\/fr\/wp-json\/wp\/v2\/types\/post"}],"author":[{"embeddable":true,"href":"https:\/\/www.europesays.com\/fr\/wp-json\/wp\/v2\/users\/2"}],"replies":[{"embeddable":true,"href":"https:\/\/www.europesays.com\/fr\/wp-json\/wp\/v2\/comments?post=455989"}],"version-history":[{"count":0,"href":"https:\/\/www.europesays.com\/fr\/wp-json\/wp\/v2\/posts\/455989\/revisions"}],"wp:featuredmedia":[{"embeddable":true,"href":"https:\/\/www.europesays.com\/fr\/wp-json\/wp\/v2\/media\/455990"}],"wp:attachment":[{"href":"https:\/\/www.europesays.com\/fr\/wp-json\/wp\/v2\/media?parent=455989"}],"wp:term":[{"taxonomy":"category","embeddable":true,"href":"https:\/\/www.europesays.com\/fr\/wp-json\/wp\/v2\/categories?post=455989"},{"taxonomy":"post_tag","embeddable":true,"href":"https:\/\/www.europesays.com\/fr\/wp-json\/wp\/v2\/tags?post=455989"}],"curies":[{"name":"wp","href":"https:\/\/api.w.org\/{rel}","templated":true}]}}