{"id":455999,"date":"2025-10-11T22:05:19","date_gmt":"2025-10-11T22:05:19","guid":{"rendered":"https:\/\/www.europesays.com\/fr\/455999\/"},"modified":"2025-10-11T22:05:19","modified_gmt":"2025-10-11T22:05:19","slug":"musetti-en-tete-daffiche-fonseca-fait-son-grand-retour-et-les-francais-en-embuscade","status":"publish","type":"post","link":"https:\/\/www.europesays.com\/fr\/455999\/","title":{"rendered":"Musetti en t\u00eate d\u2019affiche, Fonseca fait son grand retour et les Fran\u00e7ais en embuscade"},"content":{"rendered":"<p>                <img decoding=\"async\" src=\"https:\/\/www.europesays.com\/fr\/wp-content\/uploads\/2025\/10\/84Kd.jpg\" fetchpriority=\"high\" alt=\"ATP 250 de Bruxelles : Musetti en t\u00eate d\u2019affiche, Fonseca fait son grand retour et les Fran\u00e7ais en embuscade\"\/><\/p>\n<p>L\u2019ancien tournoi d\u2019Anvers s\u2019installe dans la capitale belge avec un tableau prometteur. Musetti, Auger-Aliassime, Fonseca\u2026 et un contingent tricolore pr\u00eat \u00e0 frapper fort pour marquer la fin de saison.<\/p>\n<p>Alors que le Masters 1000 de Shanghai s\u2019appr\u00eate \u00e0 vivre une finale entre les cousins Valentin Vacherot et Arthur Rinderknech, le tennis va faire son retour en Europe pour la derni\u00e8re ligne droite de la saison.<\/p>\n<p>Trois ATP 250 sont au programme pour le d\u00e9but de cette tourn\u00e9e indoor, avec notamment le tournoi de Bruxelles. Organis\u00e9e auparavant \u00e0 Anvers, l\u2019\u00e9preuve a d\u00e9m\u00e9nag\u00e9 dans la capitale belge cette ann\u00e9e.<\/p>\n<p>La t\u00eate de s\u00e9rie n\u00b01 n\u2019est autre que Lorenzo Musetti, 9e mondial. Il b\u00e9n\u00e9ficie d\u2019un bye et affrontera soit un qualifi\u00e9 soit son compatriote Matteo Arnaldi au deuxi\u00e8me tour. Toujours dans l\u2019espoir d\u2019obtenir son ticket pour les ATP Finals, F\u00e9lix Auger-Aliassime d\u00e9butera contre Federico Cina ou Damir Dzumhur.<\/p>\n<p><strong>Le tenant du titre Roberto Bautista-Agut, 37 ans, d\u00e9fiera Sebastian Baez pour son entr\u00e9e en lice.<\/strong><\/p>\n<p>Parmi les Fran\u00e7ais, Giovanni Mpetshi Perricard est la t\u00eate de s\u00e9rie n\u00b05 et jouera son premier tour contre Emil Ruusuvuori. Benjamin Bonzi retrouvera Reilly Opelka quelques jours apr\u00e8s leur affrontement \u00e0 Shanghai et Quentin Halys sera oppos\u00e9 \u00e0 un qualifi\u00e9.<\/p>\n<p>Enfin, Joao Fonseca, absent du circuit depuis l\u2019US Open (la Laver Cup \u00e9tant une exhibition), affrontera Botic van de Zandschulp pour ses d\u00e9buts. L\u2019espoir br\u00e9silien avait d\u00e9cid\u00e9 de faire l\u2019impasse sur le Masters 1000 de Shanghai afin de pr\u00e9parer au mieux cette fin de saison en indoor.<\/p>\n","protected":false},"excerpt":{"rendered":"L\u2019ancien tournoi d\u2019Anvers s\u2019installe dans la capitale belge avec un tableau prometteur. Musetti, Auger-Aliassime, Fonseca\u2026 et un contingent&hellip;\n","protected":false},"author":2,"featured_media":456000,"comment_status":"","ping_status":"","sticky":false,"template":"","format":"standard","meta":{"footnotes":""},"categories":[1415],"tags":[1011,27,60,1467],"class_list":{"0":"post-455999","1":"post","2":"type-post","3":"status-publish","4":"format-standard","5":"has-post-thumbnail","7":"category-tennis","8":"tag-fr","9":"tag-france","10":"tag-sports","11":"tag-tennis"},"share_on_mastodon":{"url":"https:\/\/pubeurope.com\/@fr\/115357805724865287","error":""},"_links":{"self":[{"href":"https:\/\/www.europesays.com\/fr\/wp-json\/wp\/v2\/posts\/455999","targetHints":{"allow":["GET"]}}],"collection":[{"href":"https:\/\/www.europesays.com\/fr\/wp-json\/wp\/v2\/posts"}],"about":[{"href":"https:\/\/www.europesays.com\/fr\/wp-json\/wp\/v2\/types\/post"}],"author":[{"embeddable":true,"href":"https:\/\/www.europesays.com\/fr\/wp-json\/wp\/v2\/users\/2"}],"replies":[{"embeddable":true,"href":"https:\/\/www.europesays.com\/fr\/wp-json\/wp\/v2\/comments?post=455999"}],"version-history":[{"count":0,"href":"https:\/\/www.europesays.com\/fr\/wp-json\/wp\/v2\/posts\/455999\/revisions"}],"wp:featuredmedia":[{"embeddable":true,"href":"https:\/\/www.europesays.com\/fr\/wp-json\/wp\/v2\/media\/456000"}],"wp:attachment":[{"href":"https:\/\/www.europesays.com\/fr\/wp-json\/wp\/v2\/media?parent=455999"}],"wp:term":[{"taxonomy":"category","embeddable":true,"href":"https:\/\/www.europesays.com\/fr\/wp-json\/wp\/v2\/categories?post=455999"},{"taxonomy":"post_tag","embeddable":true,"href":"https:\/\/www.europesays.com\/fr\/wp-json\/wp\/v2\/tags?post=455999"}],"curies":[{"name":"wp","href":"https:\/\/api.w.org\/{rel}","templated":true}]}}