{"id":456001,"date":"2025-10-11T22:07:22","date_gmt":"2025-10-11T22:07:22","guid":{"rendered":"https:\/\/www.europesays.com\/fr\/456001\/"},"modified":"2025-10-11T22:07:22","modified_gmt":"2025-10-11T22:07:22","slug":"annonce-des-dates-de-lancement-et-de-test-de-la-saison-2026","status":"publish","type":"post","link":"https:\/\/www.europesays.com\/fr\/456001\/","title":{"rendered":"annonce des dates de lancement et de test de la saison 2026"},"content":{"rendered":"<p>2026 d\u00e9butera par le lancement de la saison, d\u00e9sormais confirm\u00e9 \u00e0 Kuala Lumpur les 6 et 7 f\u00e9vrier. Nous connaissons d\u00e9sormais le programme complet qui pr\u00e9c\u00e8de le d\u00e9but de la nouvelle saison.<\/p>\n<p>Tout commence par le Shakedown Test sur le circuit international de Petronas Sepang \u00e0 la fin du mois de janvier. Cette s\u00e9ance est r\u00e9serv\u00e9e aux pilotes d&rsquo;essai d&rsquo;usine, aux d\u00e9butants et aux constructeurs b\u00e9n\u00e9ficiant de concessions.<\/p>\n<p>Ensuite, il y aura trois jours complets d&rsquo;essais \u00e0 Sepang, o\u00f9 l&rsquo;ensemble de la grille prendra la piste avant le lancement officiel de la saison dans la capitale malaisienne, lumineuse et anim\u00e9e. L&rsquo;\u00e9v\u00e9nement aura lieu les 6 et 7 f\u00e9vrier, r\u00e9unissant les fans et les \u00e9quipes pour le premier grand moment de l&rsquo;ann\u00e9e.<\/p>\n<p>Le dernier test avant le d\u00e9but de la saison se d\u00e9roulera sur le circuit international de Chang \u00e0 Buriram. Les 21 et 22 f\u00e9vrier, c&rsquo;est la derni\u00e8re chance pour les pilotes et les \u00e9quipes d&rsquo;apporter des changements avant que la course ne commence pour de bon.<\/p>\n<p>Voici le programme complet :<\/p>\n<p><strong>Shakedown Test :<\/strong> 29-30 janvier<br \/><strong>Essais \u00e0 Sepang :<\/strong> 3-4 f\u00e9vrier<br \/><strong>Lancement de la saison :<\/strong> 6-7 f\u00e9vrier<br \/><strong>Test de Buriram :<\/strong> 21-22 f\u00e9vrier<\/p>\n<p>Et n&rsquo;oubliez pas le test de Valence, juste apr\u00e8s la finale de la saison 2025. C&rsquo;est l\u00e0 que nous verrons pour la premi\u00e8re fois les nouveaux pilotes, les motos am\u00e9lior\u00e9es et tous les nouveaux visages qui se pr\u00e9parent pour une nouvelle ann\u00e9e de course palpitante.<\/p>\n","protected":false},"excerpt":{"rendered":"2026 d\u00e9butera par le lancement de la saison, d\u00e9sormais confirm\u00e9 \u00e0 Kuala Lumpur les 6 et 7 f\u00e9vrier.&hellip;\n","protected":false},"author":2,"featured_media":456002,"comment_status":"","ping_status":"","sticky":false,"template":"","format":"standard","meta":{"footnotes":""},"categories":[1413],"tags":[1011,27,1457,1456,60],"class_list":{"0":"post-456001","1":"post","2":"type-post","3":"status-publish","4":"format-standard","5":"has-post-thumbnail","7":"category-moto","8":"tag-fr","9":"tag-france","10":"tag-moto","11":"tag-motocycle","12":"tag-sports"},"share_on_mastodon":{"url":"https:\/\/pubeurope.com\/@fr\/115357813583399887","error":""},"_links":{"self":[{"href":"https:\/\/www.europesays.com\/fr\/wp-json\/wp\/v2\/posts\/456001","targetHints":{"allow":["GET"]}}],"collection":[{"href":"https:\/\/www.europesays.com\/fr\/wp-json\/wp\/v2\/posts"}],"about":[{"href":"https:\/\/www.europesays.com\/fr\/wp-json\/wp\/v2\/types\/post"}],"author":[{"embeddable":true,"href":"https:\/\/www.europesays.com\/fr\/wp-json\/wp\/v2\/users\/2"}],"replies":[{"embeddable":true,"href":"https:\/\/www.europesays.com\/fr\/wp-json\/wp\/v2\/comments?post=456001"}],"version-history":[{"count":0,"href":"https:\/\/www.europesays.com\/fr\/wp-json\/wp\/v2\/posts\/456001\/revisions"}],"wp:featuredmedia":[{"embeddable":true,"href":"https:\/\/www.europesays.com\/fr\/wp-json\/wp\/v2\/media\/456002"}],"wp:attachment":[{"href":"https:\/\/www.europesays.com\/fr\/wp-json\/wp\/v2\/media?parent=456001"}],"wp:term":[{"taxonomy":"category","embeddable":true,"href":"https:\/\/www.europesays.com\/fr\/wp-json\/wp\/v2\/categories?post=456001"},{"taxonomy":"post_tag","embeddable":true,"href":"https:\/\/www.europesays.com\/fr\/wp-json\/wp\/v2\/tags?post=456001"}],"curies":[{"name":"wp","href":"https:\/\/api.w.org\/{rel}","templated":true}]}}